{"id":154054,"date":"2020-02-19T07:09:21","date_gmt":"2020-02-19T10:09:21","guid":{"rendered":"http:\/\/www.caririemacao.com\/1\/?p=154054"},"modified":"2020-02-19T07:09:23","modified_gmt":"2020-02-19T10:09:23","slug":"general-braga-netto-e-oficialmente-empossado-na-casa-civil","status":"publish","type":"post","link":"https:\/\/www.caririemacao.com\/1\/2020\/02\/19\/general-braga-netto-e-oficialmente-empossado-na-casa-civil\/","title":{"rendered":"General Braga Netto \u00e9 oficialmente empossado na Casa Civil"},"content":{"rendered":"\n<p>O presidente Jair Bolsonaro deu posse ao general Walter Souza Braga Netto na chefia da Casa Civil, na tarde desta ter\u00e7a-feira (18).<\/p>\n\n\n\n<p>A solenidade tamb\u00e9m marcou a posse de Onyx Lorenzoni no Minist\u00e9rio da Cidadania, em substitui\u00e7\u00e3o a Osmar Terra, que reassumiu seu mandato de deputado federal pelo Rio Grande do Sul.<\/p>\n\n\n\n<p>Em seu discurso, dirigindo-se diretamente \u00e0 Braga Netto, o presidente reafirmou que a principal miss\u00e3o do novo ministro ser\u00e1 a coordena\u00e7\u00e3o das demais pastas e programas do governo.<\/p>\n\n\n\n<p>Ele tamb\u00e9m elogiou o trabalho do general \u00e0 frente do Estado Maior do Ex\u00e9rcito.<\/p>\n\n\n\n<p>\u201cO senhor acaba de deixar a chefia do Estado Maior do Ex\u00e9rcito, uma miss\u00e3o dif\u00edcil, e s\u00f3 quem tem lideran\u00e7a pode exerc\u00ea-la. Agora, o senhor ocupa a chefia da Casa Civil, semelhante \u00e0 chefia do Estado Maior do Ex\u00e9rcito. Coordenar\u00e1 e me auxiliar\u00e1, e muito, no contato com os ministros e na solu\u00e7\u00e3o dos problemas que v\u00e3o se apresentar para n\u00f3s\u201d, afirmou.<\/p>\n\n\n\n<p>Aos 66 anos de idade, Braga Netto \u00e9 general do Ex\u00e9rcito Brasileiro e ocupou importantes fun\u00e7\u00f5es militares.<\/p>\n\n\n\n<p>Em julho de 2016, foi nomeado Comandante Militar do Leste, um dos oito comandos nacionais do Ex\u00e9rcito, com sede no Rio de Janeiro.<\/p>\n\n\n\n<p>Em 2018, ficou nacionalmente conhecido ap\u00f3s ser nomeado, pelo ent\u00e3o presidente Michel Temer, como interventor federal na seguran\u00e7a p\u00fablica do estado do Rio de Janeiro, cargo que exerceu at\u00e9 o final do mesmo ano, durante a vig\u00eancia da interven\u00e7\u00e3o.<\/p>\n\n\n\n<p>\u201cEspero corresponder aos anseios do senhor e da na\u00e7\u00e3o brasileira. N\u00e3o me faltar\u00e3o empenho, dedica\u00e7\u00e3o, lealdade e abnega\u00e7\u00e3o de contribuir para o crescimento do pa\u00eds\u201d, afirmou Braga Netto, em breve discurso.<\/p>\n\n\n\n<p>No Minist\u00e9rio da Cidadania, Onyx Lorenxoni vai comandar as principais pol\u00edticas sociais do governo federal, incluindo o programa Bolsa Fam\u00edlia, que est\u00e1 em processo de reformula\u00e7\u00e3o pela atual gest\u00e3o.<\/p>\n\n\n\n<p>Em seu discurso de posse, o ministro disse que pretende seguir o trabalho do antecessor e buscar a redu\u00e7\u00e3o das desigualdades.<\/p>\n\n\n\n<p>\u201cParto para um novo desafio, uma nova miss\u00e3o. Seguir o trabalho iniciado por Osmar Terra, com amor pelo seu semelhante, na luta incans\u00e1vel para a redu\u00e7\u00e3o das desigualdades e da aten\u00e7\u00e3o \u00e0queles que realmente precisam. No time Bolsonaro, a gente pode trocar de n\u00famero, mas a camiseta \u00e9 sempre a mesma, apaixonadamente verde e amarela\u201d, afirmou.<\/p>\n\n\n\n<p>Jair Bolsonaro ainda disse, durante a solenidade, que as autoridades de todos os poderes devem buscar o entendimento para solucionar os problemas do pa\u00eds e que o mundo est\u00e1 voltando a confiar no Brasil.<\/p>\n\n\n\n<p>\u201cComo sempre digo, o Brasil tem tudo para ser um grande pa\u00eds. Prezados privilegiados, aqui presentes, ministros, autoridades do Legislativo, chefes do Judici\u00e1rio, basta apenas o entendimento entre n\u00f3s, basta apenas que conversemos cada vez mais e, na pr\u00e1tica, venhamos a apresentar propostas que venham a colocar em lugar de destaque no mundo. Uma das coisas mais importantes que aconteceu, desde a chegada dos senhores ao governo, foi a recupera\u00e7\u00e3o da confian\u00e7a que o mundo n\u00e3o tinha conosco\u201d.<\/p>\n\n\n\n<p>De volta \u00e0 C\u00e2mara dos Deputados, Osmar Terra agradeceu a Bolsonaro e prometeu continuar auxiliando o governo no Poder Legislativo.<\/p>\n\n\n\n<p>\u201cVou continuar trabalhando ao seu lado, onde eu estiver. Sou um soldado para que esse pa\u00eds mude. O senhor [Bolsonaro] representa a \u00fanica oportunidade de fazer com que esse pa\u00eds mude\u201d, afirmou.<\/p>\n","protected":false},"excerpt":{"rendered":"<p>O presidente Jair Bolsonaro deu posse ao general Walter Souza Braga Netto na chefia da Casa Civil, na tarde desta ter\u00e7a-feira (18). A solenidade tamb\u00e9m&hellip; <\/p>\n","protected":false},"author":2,"featured_media":154055,"comment_status":"closed","ping_status":"closed","sticky":false,"template":"","format":"standard","meta":{"sfsi_plus_gutenberg_text_before_share":"","sfsi_plus_gutenberg_show_text_before_share":"","sfsi_plus_gutenberg_icon_type":"","sfsi_plus_gutenberg_icon_alignemt":"","sfsi_plus_gutenburg_max_per_row":"","footnotes":""},"categories":[11],"tags":[],"class_list":["post-154054","post","type-post","status-publish","format-standard","has-post-thumbnail","hentry","category-politica"],"_links":{"self":[{"href":"https:\/\/www.caririemacao.com\/1\/wp-json\/wp\/v2\/posts\/154054","targetHints":{"allow":["GET"]}}],"collection":[{"href":"https:\/\/www.caririemacao.com\/1\/wp-json\/wp\/v2\/posts"}],"about":[{"href":"https:\/\/www.caririemacao.com\/1\/wp-json\/wp\/v2\/types\/post"}],"author":[{"embeddable":true,"href":"https:\/\/www.caririemacao.com\/1\/wp-json\/wp\/v2\/users\/2"}],"replies":[{"embeddable":true,"href":"https:\/\/www.caririemacao.com\/1\/wp-json\/wp\/v2\/comments?post=154054"}],"version-history":[{"count":1,"href":"https:\/\/www.caririemacao.com\/1\/wp-json\/wp\/v2\/posts\/154054\/revisions"}],"predecessor-version":[{"id":154056,"href":"https:\/\/www.caririemacao.com\/1\/wp-json\/wp\/v2\/posts\/154054\/revisions\/154056"}],"wp:featuredmedia":[{"embeddable":true,"href":"https:\/\/www.caririemacao.com\/1\/wp-json\/wp\/v2\/media\/154055"}],"wp:attachment":[{"href":"https:\/\/www.caririemacao.com\/1\/wp-json\/wp\/v2\/media?parent=154054"}],"wp:term":[{"taxonomy":"category","embeddable":true,"href":"https:\/\/www.caririemacao.com\/1\/wp-json\/wp\/v2\/categories?post=154054"},{"taxonomy":"post_tag","embeddable":true,"href":"https:\/\/www.caririemacao.com\/1\/wp-json\/wp\/v2\/tags?post=154054"}],"curies":[{"name":"wp","href":"https:\/\/api.w.org\/{rel}","templated":true}]}}