{"id":154059,"date":"2020-02-19T07:13:56","date_gmt":"2020-02-19T10:13:56","guid":{"rendered":"http:\/\/www.caririemacao.com\/1\/?p=154059"},"modified":"2020-02-19T07:13:57","modified_gmt":"2020-02-19T10:13:57","slug":"bolsonaro-pedira-pericia-independente-sobre-a-morte-de-ex-policial","status":"publish","type":"post","link":"https:\/\/www.caririemacao.com\/1\/2020\/02\/19\/bolsonaro-pedira-pericia-independente-sobre-a-morte-de-ex-policial\/","title":{"rendered":"Bolsonaro pedir\u00e1 per\u00edcia independente sobre a morte de ex-policial"},"content":{"rendered":"\n<p> O presidente Jair Bolsonaro disse\u00a0hoje (18)\u00a0que vai pedir uma per\u00edcia independente sobre a morte do ex-policial militar Adriano N\u00f3brega, morto em confronto com a pol\u00edcia no interior da Bahia. De acordo com Bolsonaro, o Minist\u00e9rio P\u00fablico Federal na Bahia tamb\u00e9m deve cobrar uma per\u00edcia independente \u201cpara come\u00e7ar a desvendar as circunst\u00e2ncias em que ele morreu, e porque poderia interessar para algu\u00e9m a queima de arquivo\u201d.<\/p>\n\n\n\n<p>O ex-capit\u00e3o do Batalh\u00e3o de Opera\u00e7\u00f5es Policiais Especiais (Bope) da Pol\u00edcia Militar do Rio de Janeiro foi morto no dia 9 deste m\u00eas, no munic\u00edpio de Esplanada, na Bahia. N\u00f3brega era investigado por diversos crimes, e procurado pela Pol\u00edcia Civil do Rio de Janeiro. Ele tamb\u00e9m era procurado pelo envolvimento nas mortes da vereadora Marielle Franco e do motorista Anderson Franco, em mar\u00e7o de 2018.<\/p>\n\n\n\n<p>\u201cJ\u00e1 tomei as provid\u00eancias legais para que seja feita uma per\u00edcia independente. Sem isso voc\u00eas n\u00e3o t\u00eam como buscar at\u00e9, quem sabe, quem matou a Marielle. A quem interessa n\u00e3o desvendar a morte da Marielle?\u201d, questionou. \u201cUma per\u00edcia independente vai dizer se ele foi torturado, se n\u00e3o foi, a que dist\u00e2ncia foram os tiros, e tinham dezenas de pessoas cercando a casa. A conduta n\u00e3o \u00e9 essa, a conduta \u00e9 cercar e buscar negocia\u00e7\u00e3o para se render\u201d, acrescentou o presidente.<\/p>\n\n\n\n<p>Bolsonaro citou mat\u00e9ria da revista&nbsp;<em>Veja<\/em>, divulgada esta semana, que traz fotos da aut\u00f3psia que indicam que os tiros que mataram Adriano N\u00f3brega foram disparados a curta dist\u00e2ncia.<\/p>\n\n\n\n<p>O presidente tamb\u00e9m levantou suspeita sobre a per\u00edcia que ser\u00e1 feita nos telefones apreendidos com Adriano N\u00f3brega e a possibilidade de mensagens serem plantadas para incrimin\u00e1-lo. \u201cSer\u00e1 que essa per\u00edcia poder\u00e1 ser insuspeita? Eu quero uma per\u00edcia insuspeita. N\u00e3o queremos que sejam inseridos \u00e1udios no telefone dele ou conversa\u00e7\u00f5es de Whatsapp. Depois que se faz uma per\u00edcia que porventura a pessoa atingida pode ser eu, apesar de ser presidente da Rep\u00fablica, quanto tempo levaria uma nova per\u00edcia?\u201d, argumentou.<\/p>\n\n\n\n<p><strong>Investiga\u00e7\u00e3o<\/strong><\/p>\n\n\n\n<p>Questionado se vai pedir a federaliza\u00e7\u00e3o do caso, Bolsonaro disse que essa \u00e9 uma decis\u00e3o do ministro da Justi\u00e7a e Seguran\u00e7a P\u00fablica, Sergio Moro. \u201cAlguns podem achar que ao federalizar, trazer para a Pol\u00edcia Federal, eu teria alguma participa\u00e7\u00e3o, influ\u00eancia, no destino da investiga\u00e7\u00e3o. Se o Moro achar que deve federalizar a decis\u00e3o \u00e9 dele\u201d, destacou. A morte de N\u00f3brega \u00e9 investigada pela Pol\u00edcia Civil da Bahia.<\/p>\n\n\n\n<p>Em janeiro do ano passado, Adriano foi considerado foragido durante a Opera\u00e7\u00e3o Intoc\u00e1veis, desencadeada pelo Minist\u00e9rio P\u00fablico do Rio de Janeiro (MPRJ) e as pol\u00edcias Militar e Civil para prender integrantes de uma organiza\u00e7\u00e3o criminosa que agia na zona oeste do Rio de Janeiro. Na \u00e9poca, as investiga\u00e7\u00f5es apontavam que os integrantes de uma mil\u00edcia atuavam nas comunidades de Rio das Pedras, da Muzema, da Tijuquinha e adjac\u00eancias.<\/p>\n\n\n\n<p>Ap\u00f3s a Opera\u00e7\u00e3o Intoc\u00e1veis, a promotora de Justi\u00e7a do MPRJ Simone S\u00edbilio considerou que n\u00e3o era poss\u00edvel fazer a rela\u00e7\u00e3o entre os integrantes da organiza\u00e7\u00e3o criminosa e as mortes de Marielle e Anderson, mas apontou, que, se no futuro fosse comprovado o envolvimento, seria inclu\u00eddo nas investiga\u00e7\u00f5es desse crime.<\/p>\n\n\n\n<p>N\u00f3brega morreu ap\u00f3s ser ferido durante uma opera\u00e7\u00e3o conjunta&nbsp;das for\u00e7as de seguran\u00e7a do Rio de Janeiro e da Bahia. Segundo a secretaria de Seguran\u00e7a da Bahia, no momento do cumprimento de mandado de pris\u00e3o, Adriano N\u00f3brega \u201cresistiu com disparos de arma de fogo e terminou ferido\u201d. Ainda conforme o \u00f3rg\u00e3o, o ex-policial chegou a ser socorrido em um hospital da regi\u00e3o, mas n\u00e3o resistiu aos ferimentos.<\/p>\n\n\n\n<figure class=\"wp-block-image\"><img decoding=\"async\" data-src=\"https:\/\/paraibaonline.com.br\/wp-content\/uploads\/2020\/02\/bolsonaro1802.jpg\" alt=\"Foto: Antonio Cruz\/Ag\u00eancia Brasil\" class=\"wp-image-838112 lazyload\" src=\"data:image\/svg+xml;base64,PHN2ZyB3aWR0aD0iMSIgaGVpZ2h0PSIxIiB4bWxucz0iaHR0cDovL3d3dy53My5vcmcvMjAwMC9zdmciPjwvc3ZnPg==\" \/><\/figure>\n\n\n\n<p>Foto: Antonio Cruz\/Ag\u00eancia Brasil<\/p>\n\n\n\n<p><strong>Terras ind\u00edgenas<\/strong><\/p>\n\n\n\n<p>O presidente falou \u00e0 imprensa em frente ao Pal\u00e1cio da Alvorada, ao sair para a 28\u00aa Reuni\u00e3o do Conselho de Governo. Periodicamente, o alto escal\u00e3o se re\u00fane para avaliar as a\u00e7\u00f5es desenvolvidas e discutir as prioridades da agenda do governo federal. O encontro come\u00e7ou por volta das 8h15, e deve se estender por toda a manh\u00e3.<\/p>\n\n\n\n<p>Hoje cedo, Bolsonaro participou da cerim\u00f4nia de hasteamento da bandeira nacional, na \u00e1rea externa do Alvorada. Desde o in\u00edcio do mandato, o presidente re\u00fane o grupo para o momento c\u00edvico na entrada da resid\u00eancia oficial.<\/p>\n\n\n\n<p>O presidente chegou acompanhado de um grupo de ind\u00edgenas que apoiam o projeto de lei que trata da&nbsp;explora\u00e7\u00e3o de atividades econ\u00f4micas&nbsp;em terras ind\u00edgenas, incluindo minera\u00e7\u00e3o, garimpo, extra\u00e7\u00e3o de petr\u00f3leo e g\u00e1s, gera\u00e7\u00e3o de energia el\u00e9trica e agropecu\u00e1ria. O&nbsp;PL 191\/2020&nbsp;foi encaminhado ao Congresso Nacional no dia 6 de fevereiro e regulamenta trechos dos artigos 176 e 231 da Constitui\u00e7\u00e3o.<\/p>\n\n\n\n<p>\u201c\u00c9 um direito que est\u00e1 sendo resgatado para que possam exercer a atividade deles de forma legal e produtiva\u201d, disse o ministro de Minas e Energia, Bento Albuquerque, que tamb\u00e9m acompanhava o presidente.<\/p>\n\n\n\n<p>O&nbsp;Artigo 231 da Constitui\u00e7\u00e3o Federal&nbsp;condiciona a minera\u00e7\u00e3o no territ\u00f3rio ind\u00edgena \u00e0 pr\u00e9via autoriza\u00e7\u00e3o do Congresso Nacional e \u00e0 concord\u00e2ncia da popula\u00e7\u00e3o ind\u00edgena que vive no territ\u00f3rio. Pela Constitui\u00e7\u00e3o, as reservas tradicionais demarcadas s\u00e3o de \u201cusufruto exclusivo\u201d dos ind\u00edgenas, incluindo as riquezas do solo, dos rios e dos lagos nelas existentes. J\u00e1 o&nbsp;Artigo 176&nbsp;define que as jazidas, demais recursos minerais e os potenciais de energia hidrel\u00e9trica dependem de autoriza\u00e7\u00e3o pr\u00e9via da Uni\u00e3o com regras espec\u00edficas quando se desenvolverem em faixas de fronteira e terras ind\u00edgenas.<\/p>\n","protected":false},"excerpt":{"rendered":"<p>O presidente Jair Bolsonaro disse\u00a0hoje (18)\u00a0que vai pedir uma per\u00edcia independente sobre a morte do ex-policial militar Adriano N\u00f3brega, morto em confronto com a pol\u00edcia&hellip; <\/p>\n","protected":false},"author":2,"featured_media":153191,"comment_status":"closed","ping_status":"closed","sticky":false,"template":"","format":"standard","meta":{"sfsi_plus_gutenberg_text_before_share":"","sfsi_plus_gutenberg_show_text_before_share":"","sfsi_plus_gutenberg_icon_type":"","sfsi_plus_gutenberg_icon_alignemt":"","sfsi_plus_gutenburg_max_per_row":"","footnotes":""},"categories":[11],"tags":[],"class_list":["post-154059","post","type-post","status-publish","format-standard","has-post-thumbnail","hentry","category-politica"],"_links":{"self":[{"href":"https:\/\/www.caririemacao.com\/1\/wp-json\/wp\/v2\/posts\/154059","targetHints":{"allow":["GET"]}}],"collection":[{"href":"https:\/\/www.caririemacao.com\/1\/wp-json\/wp\/v2\/posts"}],"about":[{"href":"https:\/\/www.caririemacao.com\/1\/wp-json\/wp\/v2\/types\/post"}],"author":[{"embeddable":true,"href":"https:\/\/www.caririemacao.com\/1\/wp-json\/wp\/v2\/users\/2"}],"replies":[{"embeddable":true,"href":"https:\/\/www.caririemacao.com\/1\/wp-json\/wp\/v2\/comments?post=154059"}],"version-history":[{"count":1,"href":"https:\/\/www.caririemacao.com\/1\/wp-json\/wp\/v2\/posts\/154059\/revisions"}],"predecessor-version":[{"id":154060,"href":"https:\/\/www.caririemacao.com\/1\/wp-json\/wp\/v2\/posts\/154059\/revisions\/154060"}],"wp:featuredmedia":[{"embeddable":true,"href":"https:\/\/www.caririemacao.com\/1\/wp-json\/wp\/v2\/media\/153191"}],"wp:attachment":[{"href":"https:\/\/www.caririemacao.com\/1\/wp-json\/wp\/v2\/media?parent=154059"}],"wp:term":[{"taxonomy":"category","embeddable":true,"href":"https:\/\/www.caririemacao.com\/1\/wp-json\/wp\/v2\/categories?post=154059"},{"taxonomy":"post_tag","embeddable":true,"href":"https:\/\/www.caririemacao.com\/1\/wp-json\/wp\/v2\/tags?post=154059"}],"curies":[{"name":"wp","href":"https:\/\/api.w.org\/{rel}","templated":true}]}}