{"id":154061,"date":"2020-02-19T07:15:25","date_gmt":"2020-02-19T10:15:25","guid":{"rendered":"http:\/\/www.caririemacao.com\/1\/?p=154061"},"modified":"2020-02-19T07:15:28","modified_gmt":"2020-02-19T10:15:28","slug":"bolsonaro-muda-agenda-para-discutir-reforma-administrativa","status":"publish","type":"post","link":"https:\/\/www.caririemacao.com\/1\/2020\/02\/19\/bolsonaro-muda-agenda-para-discutir-reforma-administrativa\/","title":{"rendered":"Bolsonaro muda agenda para discutir reforma administrativa"},"content":{"rendered":"\n<p>O presidente Jair Bolsonaro recebeu, na tarde de hoje (18), a vers\u00e3o do Minist\u00e9rio da Economia do projeto de reforma administrativa, que o governo pretende enviar ao Congresso ainda esta semana.<\/p>\n\n\n\n<p>&#8220;Vou estudar a noite toda hoje, peguei o consolidado agora&#8221;, disse o presidente ao chegar ao Pal\u00e1cio do Alvorada, onde conversou com alguns apoiadores que o aguardavam. Pouco antes, ele cancelou a solenidade de lan\u00e7amento do programa Mais Brasil para discutir com o ministro da Economia, Paulo Guedes, e outros auxiliares, os detalhes da reforma, considerada priorit\u00e1ria para este ano. Ontem (17), Bolsonaro j\u00e1 havia dito que deve apresentar a&nbsp;<a href=\"http:\/\/agenciabrasil.ebc.com.br\/politica\/noticia\/2020-02\/espero-enviar-reforma-administrativa-esta-semana-diz-bolsonaro\" target=\"_blank\" rel=\"noreferrer noopener\">proposta at\u00e9 o fim desta semana<\/a>.&nbsp;<\/p>\n\n\n\n<p>O projeto, que ser\u00e1 enviado na forma de proposta de emenda \u00e0 Constitui\u00e7\u00e3o (PEC), deve propor o fim da estabilidade autom\u00e1tica para futuros servidores p\u00fablicos. A ideia seria definir um tempo para atingir a estabilidade, de acordo com cada carreira e com uma avalia\u00e7\u00e3o de desempenho. Al\u00e9m disso, outro objetivo da medida seria reduzir o n\u00famero de carreiras de cerca de 300 para algo em torno de 20 e que os sal\u00e1rios para quem entrar na carreira p\u00fablica passem a ser menores do que s\u00e3o atualmente.<\/p>\n\n\n\n<figure class=\"wp-block-image\"><img decoding=\"async\" data-src=\"http:\/\/imagens.ebc.com.br\/EQLxqR_1JCH0G7wUXbv3DiJjXC0=\/754x0\/smart\/http:\/\/agenciabrasil.ebc.com.br\/sites\/default\/files\/thumbnails\/image\/briefing_do_porta-voz_da_presidencia_da_republica_otavio_rego_barros1802200404.jpg?itok=4mc58cxg\" alt=\"Briefing do Porta-voz da Presid\u00eancia da Rep\u00fablica, Ot\u00e1vio R\u00eago Barros\" src=\"data:image\/svg+xml;base64,PHN2ZyB3aWR0aD0iMSIgaGVpZ2h0PSIxIiB4bWxucz0iaHR0cDovL3d3dy53My5vcmcvMjAwMC9zdmciPjwvc3ZnPg==\" class=\"lazyload\" \/><\/figure>\n\n\n\n<h6 class=\"wp-block-heading\">O porta-voz da Presid\u00eancia da Rep\u00fablica, Ot\u00e1vio R\u00eago Barros, falou sobre o programa Mais Brasil&nbsp;&#8211;&nbsp;<strong>Valter Campanato\/Ag\u00eancia Brasil<\/strong><\/h6>\n\n\n\n<h2 class=\"wp-block-heading\">Mais Brasil<\/h2>\n\n\n\n<p>Em vez da solenidade, alguns detalhes sobre o programa Mais Brasil foram apresentados em breve pronunciamento do porta-voz do Pal\u00e1cio do Planalto, Ot\u00e1vio R\u00eago Barros. Segundo ele, o programa tem o objetivo de agregar ferramentas para aumentar a produtividade e ampliar as capacidades gerenciais nas empresas. Al\u00e9m do setor de manufatura, deve incluir empresas de com\u00e9rcio e servi\u00e7os.&nbsp;<\/p>\n\n\n\n<p>&#8220;Dessa maneira, pretende-se integrar os servi\u00e7os de parceiros estrat\u00e9gicos, Senai [Servi\u00e7o Nacional de Aprendizagem Industrial] e Sebrae [Servi\u00e7o Brasileiro de Apoio \u00e0s Micro e Pequenas Empresas], aderentes aos fundamentos do programa, e disponibilizar uma plataforma \u00fanica para iniciativas e para difus\u00e3o de informa\u00e7\u00f5es e oportunidades para o aperfei\u00e7oamento cont\u00ednuo, o aumento da produtividade e a transforma\u00e7\u00e3o digital das empresas brasileiras, com foco especial nas de micro, pequeno e m\u00e9dio porte&#8221;, disse R\u00eago Barros.&nbsp;<\/p>\n\n\n\n<p>O porta-voz tamb\u00e9m informou que o Mais Brasil&nbsp;ter\u00e1 investimento em torno de R$ 1 bilh\u00e3o, se tornando o segundo maior programa de produtividade do mundo e o maior&nbsp;de transforma\u00e7\u00e3o digital da Am\u00e9rica Latina.&nbsp;<\/p>\n\n\n\n<p>Segundo o decreto assinado por Bolsonaro, e que deve sair na edi\u00e7\u00e3o de amanh\u00e3 (19) do&nbsp;<em>Di\u00e1rio Oficial da Uni\u00e3o<\/em>, o programa Mais Brasil ser\u00e1 coordenado pela Secretaria Especial de Produtividade, Emprego e Competitividade do Minist\u00e9rio da Economia. A Ag\u00eancia Brasileira de Desenvolvimento Industrial (ABDI) foi designada para atuar como institui\u00e7\u00e3o respons\u00e1vel pela gest\u00e3o operacional do programa. Entre as atribui\u00e7\u00f5es, est\u00e1 a de promover a gest\u00e3o dos contratos de consultoria prestada \u00e0s empresas benefici\u00e1rias do programa e monitorar a execu\u00e7\u00e3o dos servi\u00e7os.&nbsp;<\/p>\n","protected":false},"excerpt":{"rendered":"<p>O presidente Jair Bolsonaro recebeu, na tarde de hoje (18), a vers\u00e3o do Minist\u00e9rio da Economia do projeto de reforma administrativa, que o governo pretende&hellip; <\/p>\n","protected":false},"author":2,"featured_media":152026,"comment_status":"closed","ping_status":"closed","sticky":false,"template":"","format":"standard","meta":{"sfsi_plus_gutenberg_text_before_share":"","sfsi_plus_gutenberg_show_text_before_share":"","sfsi_plus_gutenberg_icon_type":"","sfsi_plus_gutenberg_icon_alignemt":"","sfsi_plus_gutenburg_max_per_row":"","footnotes":""},"categories":[11],"tags":[],"class_list":["post-154061","post","type-post","status-publish","format-standard","has-post-thumbnail","hentry","category-politica"],"_links":{"self":[{"href":"https:\/\/www.caririemacao.com\/1\/wp-json\/wp\/v2\/posts\/154061","targetHints":{"allow":["GET"]}}],"collection":[{"href":"https:\/\/www.caririemacao.com\/1\/wp-json\/wp\/v2\/posts"}],"about":[{"href":"https:\/\/www.caririemacao.com\/1\/wp-json\/wp\/v2\/types\/post"}],"author":[{"embeddable":true,"href":"https:\/\/www.caririemacao.com\/1\/wp-json\/wp\/v2\/users\/2"}],"replies":[{"embeddable":true,"href":"https:\/\/www.caririemacao.com\/1\/wp-json\/wp\/v2\/comments?post=154061"}],"version-history":[{"count":1,"href":"https:\/\/www.caririemacao.com\/1\/wp-json\/wp\/v2\/posts\/154061\/revisions"}],"predecessor-version":[{"id":154062,"href":"https:\/\/www.caririemacao.com\/1\/wp-json\/wp\/v2\/posts\/154061\/revisions\/154062"}],"wp:featuredmedia":[{"embeddable":true,"href":"https:\/\/www.caririemacao.com\/1\/wp-json\/wp\/v2\/media\/152026"}],"wp:attachment":[{"href":"https:\/\/www.caririemacao.com\/1\/wp-json\/wp\/v2\/media?parent=154061"}],"wp:term":[{"taxonomy":"category","embeddable":true,"href":"https:\/\/www.caririemacao.com\/1\/wp-json\/wp\/v2\/categories?post=154061"},{"taxonomy":"post_tag","embeddable":true,"href":"https:\/\/www.caririemacao.com\/1\/wp-json\/wp\/v2\/tags?post=154061"}],"curies":[{"name":"wp","href":"https:\/\/api.w.org\/{rel}","templated":true}]}}