{"id":154063,"date":"2020-02-19T07:16:56","date_gmt":"2020-02-19T10:16:56","guid":{"rendered":"http:\/\/www.caririemacao.com\/1\/?p=154063"},"modified":"2020-02-19T07:16:58","modified_gmt":"2020-02-19T10:16:58","slug":"novo-coronavirus-brasil-monitora-cinco-casos-suspeitos","status":"publish","type":"post","link":"https:\/\/www.caririemacao.com\/1\/2020\/02\/19\/novo-coronavirus-brasil-monitora-cinco-casos-suspeitos\/","title":{"rendered":"Novo coronav\u00edrus: Brasil monitora cinco casos suspeitos"},"content":{"rendered":"\n<p>O Minist\u00e9rio da Sa\u00fade acompanha cinco casos de pacientes com suspeita de infec\u00e7\u00e3o pelo novo coronav\u00edrus, sendo uma crian\u00e7a de 2 anos. O boletim divulgado nesta ter\u00e7a-feira (18) traz dois casos a mais&nbsp;<a href=\"http:\/\/agenciabrasil.ebc.com.br\/saude\/noticia\/2020-02\/numero-de-casos-suspeitos-de-coronavirus-no-brasil-continua-em-tres\" target=\"_blank\" rel=\"noreferrer noopener\">que o de ontem<\/a>. Todos estiveram na China, mas nenhum deles na cidade de Wuhan, epicentro da doen\u00e7a.&nbsp;<\/p>\n\n\n\n<p>\u201cEntraram mais dois casos de S\u00e3o Paulo, ent\u00e3o permanecem os dois de ontem e dois novos em S\u00e3o Paulo e o do Rio Grande do Sul permanece desde a semana passada\u201d, disse em coletiva \u00e0 imprensa o secret\u00e1rio executivo do Minist\u00e9rio da Sa\u00fade, Jo\u00e3o Gabardo.<\/p>\n\n\n\n<p>Segundo o secret\u00e1rio, o paciente do Rio Grande do Sul foi testado para os v\u00edrus mais comuns, como H1N1, e os testes deram negativo. Agora, uma amostra est\u00e1 sendo enviada para o Laborat\u00f3rio Central de Sa\u00fade P\u00fablica (Lacen) para an\u00e1lise espec\u00edfica quanto ao novo coronav\u00edrus. Tr\u00eas dos pacientes ainda ser\u00e3o testados para v\u00edrus gripais.<\/p>\n\n\n\n<p>Gabardo enfatizou que a mobiliza\u00e7\u00e3o para prevenir e conter o v\u00edrus continua pelo menos at\u00e9 o come\u00e7o do inverno. \u201cN\u00f3s n\u00e3o vamos reduzir todas essas a\u00e7\u00f5es feitas, toda mobiliza\u00e7\u00f5es feita antes da chegada do inverno, independentemente de at\u00e9 l\u00e1 n\u00f3s termos casos confirmados no Brasil\u201d.<\/p>\n","protected":false},"excerpt":{"rendered":"<p>O Minist\u00e9rio da Sa\u00fade acompanha cinco casos de pacientes com suspeita de infec\u00e7\u00e3o pelo novo coronav\u00edrus, sendo uma crian\u00e7a de 2 anos. O boletim divulgado&hellip; <\/p>\n","protected":false},"author":2,"featured_media":151163,"comment_status":"closed","ping_status":"closed","sticky":false,"template":"","format":"standard","meta":{"sfsi_plus_gutenberg_text_before_share":"","sfsi_plus_gutenberg_show_text_before_share":"","sfsi_plus_gutenberg_icon_type":"","sfsi_plus_gutenberg_icon_alignemt":"","sfsi_plus_gutenburg_max_per_row":"","footnotes":""},"categories":[2],"tags":[],"class_list":["post-154063","post","type-post","status-publish","format-standard","has-post-thumbnail","hentry","category-geral"],"_links":{"self":[{"href":"https:\/\/www.caririemacao.com\/1\/wp-json\/wp\/v2\/posts\/154063","targetHints":{"allow":["GET"]}}],"collection":[{"href":"https:\/\/www.caririemacao.com\/1\/wp-json\/wp\/v2\/posts"}],"about":[{"href":"https:\/\/www.caririemacao.com\/1\/wp-json\/wp\/v2\/types\/post"}],"author":[{"embeddable":true,"href":"https:\/\/www.caririemacao.com\/1\/wp-json\/wp\/v2\/users\/2"}],"replies":[{"embeddable":true,"href":"https:\/\/www.caririemacao.com\/1\/wp-json\/wp\/v2\/comments?post=154063"}],"version-history":[{"count":1,"href":"https:\/\/www.caririemacao.com\/1\/wp-json\/wp\/v2\/posts\/154063\/revisions"}],"predecessor-version":[{"id":154064,"href":"https:\/\/www.caririemacao.com\/1\/wp-json\/wp\/v2\/posts\/154063\/revisions\/154064"}],"wp:featuredmedia":[{"embeddable":true,"href":"https:\/\/www.caririemacao.com\/1\/wp-json\/wp\/v2\/media\/151163"}],"wp:attachment":[{"href":"https:\/\/www.caririemacao.com\/1\/wp-json\/wp\/v2\/media?parent=154063"}],"wp:term":[{"taxonomy":"category","embeddable":true,"href":"https:\/\/www.caririemacao.com\/1\/wp-json\/wp\/v2\/categories?post=154063"},{"taxonomy":"post_tag","embeddable":true,"href":"https:\/\/www.caririemacao.com\/1\/wp-json\/wp\/v2\/tags?post=154063"}],"curies":[{"name":"wp","href":"https:\/\/api.w.org\/{rel}","templated":true}]}}