{"id":154065,"date":"2020-02-19T07:18:12","date_gmt":"2020-02-19T10:18:12","guid":{"rendered":"http:\/\/www.caririemacao.com\/1\/?p=154065"},"modified":"2020-02-19T07:18:13","modified_gmt":"2020-02-19T10:18:13","slug":"justica-do-trabalho-suspende-demissoes-em-fabrica-da-petrobras","status":"publish","type":"post","link":"https:\/\/www.caririemacao.com\/1\/2020\/02\/19\/justica-do-trabalho-suspende-demissoes-em-fabrica-da-petrobras\/","title":{"rendered":"Justi\u00e7a do Trabalho suspende demiss\u00f5es em f\u00e1brica da Petrobras"},"content":{"rendered":"\n<p>A Justi\u00e7a do Trabalho em Curitiba determinou hoje (18) a suspens\u00e3o das demiss\u00f5es dos empregados da F\u00e1brica de Fertilizantes Nitrogenados do Paran\u00e1 (Fafen-PR), que deve ser fechada pela Petrobras. A decis\u00e3o ter\u00e1 validade at\u00e9 6 de mar\u00e7o, quando nova audi\u00eancia de concilia\u00e7\u00e3o ser\u00e1 realizada.&nbsp;<\/p>\n\n\n\n<p>A decis\u00e3o foi tomada durante a primeira audi\u00eancia do diss\u00eddio de greve dos empregados. Diante do impasse, n\u00e3o houve acordo com a empresa e as demiss\u00f5es foram suspensas temporariamente, inclusive as 144 efetivadas.&nbsp;<\/p>\n\n\n\n<p>Na audi\u00eancia, segundo o Tribunal Regional do Trabalho (TRT), o sindicato da categoria se comprometeu a encerrar a greve temporariamente e encaminhar a proposta nacionalmente. Al\u00e9m dos funcion\u00e1rios da Fafen, 21 mil petroleiros da Petrobras entraram em greve em todo o pa\u00eds h\u00e1 18 dias.&nbsp;<\/p>\n\n\n\n<p>As demiss\u00f5es dos funcion\u00e1rios da Fapen come\u00e7aram a ser efetivadas nas \u00faltimas semanas. A Petrobras alega que a f\u00e1brica foi comprada da mineradora Vale em 2013, mas, depois da aquisi\u00e7\u00e3o, os &#8220;resultados da subsidi\u00e1ria demonstram a falta de sustentabilidade do neg\u00f3cio e que sua continuidade operacional n\u00e3o se mostra vi\u00e1vel economicamente&#8221;. O preju\u00edzo anual \u00e9 de R$ 400 milh\u00f5es, segundo a empresa.&nbsp;<\/p>\n\n\n\n<p>Segundo a Federa\u00e7\u00e3o \u00danica dos Petroleiros (FUP), a suspens\u00e3o das atividades vai provocar a demiss\u00e3o de mil trabalhadores. Al\u00e9m disso, a entidade afirma que a Petrobras n\u00e3o cumpriu o acordo coletivo.&nbsp;<\/p>\n\n\n\n<p>Ontem (17), o ministro Ives Gandra Martins Filho, do Tribunal Superior do Trabalho (TST), considerou ilegal a greve dos petroleiros da Petrobras. Ap\u00f3s a decis\u00e3o, a Petrobras pediu que todos os empregados voltassem ao trabalho imediatamente.&nbsp;<\/p>\n","protected":false},"excerpt":{"rendered":"<p>A Justi\u00e7a do Trabalho em Curitiba determinou hoje (18) a suspens\u00e3o das demiss\u00f5es dos empregados da F\u00e1brica de Fertilizantes Nitrogenados do Paran\u00e1 (Fafen-PR), que deve&hellip; <\/p>\n","protected":false},"author":2,"featured_media":96651,"comment_status":"closed","ping_status":"closed","sticky":false,"template":"","format":"standard","meta":{"sfsi_plus_gutenberg_text_before_share":"","sfsi_plus_gutenberg_show_text_before_share":"","sfsi_plus_gutenberg_icon_type":"","sfsi_plus_gutenberg_icon_alignemt":"","sfsi_plus_gutenburg_max_per_row":"","footnotes":""},"categories":[2],"tags":[],"class_list":["post-154065","post","type-post","status-publish","format-standard","has-post-thumbnail","hentry","category-geral"],"_links":{"self":[{"href":"https:\/\/www.caririemacao.com\/1\/wp-json\/wp\/v2\/posts\/154065","targetHints":{"allow":["GET"]}}],"collection":[{"href":"https:\/\/www.caririemacao.com\/1\/wp-json\/wp\/v2\/posts"}],"about":[{"href":"https:\/\/www.caririemacao.com\/1\/wp-json\/wp\/v2\/types\/post"}],"author":[{"embeddable":true,"href":"https:\/\/www.caririemacao.com\/1\/wp-json\/wp\/v2\/users\/2"}],"replies":[{"embeddable":true,"href":"https:\/\/www.caririemacao.com\/1\/wp-json\/wp\/v2\/comments?post=154065"}],"version-history":[{"count":1,"href":"https:\/\/www.caririemacao.com\/1\/wp-json\/wp\/v2\/posts\/154065\/revisions"}],"predecessor-version":[{"id":154066,"href":"https:\/\/www.caririemacao.com\/1\/wp-json\/wp\/v2\/posts\/154065\/revisions\/154066"}],"wp:featuredmedia":[{"embeddable":true,"href":"https:\/\/www.caririemacao.com\/1\/wp-json\/wp\/v2\/media\/96651"}],"wp:attachment":[{"href":"https:\/\/www.caririemacao.com\/1\/wp-json\/wp\/v2\/media?parent=154065"}],"wp:term":[{"taxonomy":"category","embeddable":true,"href":"https:\/\/www.caririemacao.com\/1\/wp-json\/wp\/v2\/categories?post=154065"},{"taxonomy":"post_tag","embeddable":true,"href":"https:\/\/www.caririemacao.com\/1\/wp-json\/wp\/v2\/tags?post=154065"}],"curies":[{"name":"wp","href":"https:\/\/api.w.org\/{rel}","templated":true}]}}