{"id":154068,"date":"2020-02-19T08:20:04","date_gmt":"2020-02-19T11:20:04","guid":{"rendered":"http:\/\/www.caririemacao.com\/1\/?p=154068"},"modified":"2020-02-19T08:20:06","modified_gmt":"2020-02-19T11:20:06","slug":"programa-brasil-mais-pretende-atender-200-mil-empresas-ate-2022","status":"publish","type":"post","link":"https:\/\/www.caririemacao.com\/1\/2020\/02\/19\/programa-brasil-mais-pretende-atender-200-mil-empresas-ate-2022\/","title":{"rendered":"Programa Brasil Mais pretende atender 200 mil empresas at\u00e9 2022"},"content":{"rendered":"\n<p>Concebido como um programa para melhorar a gest\u00e3o e a produ\u00e7\u00e3o das micro e das pequenas empresas, o Brasil Mais pretende atender 200 mil empregadores at\u00e9 2022, informou o Minist\u00e9rio da Economia. O decreto de cria\u00e7\u00e3o do programa foi assinado&nbsp;hoje&nbsp;(18) pelo presidente Jair Bolsonaro.<\/p>\n\n\n\n<p>O programa usar\u00e1 metodologias e ferramentas de baixo custo para melhorar a capacidade de gest\u00e3o e de produ\u00e7\u00e3o, reduzir desperd\u00edcio e aprimorar processos, em um cen\u00e1rio de transforma\u00e7\u00e3o digital. Os setores beneficiados ser\u00e3o a ind\u00fastria, o com\u00e9rcio e os servi\u00e7os.<\/p>\n\n\n\n<p>Para participar do programa, as empresas devem se cadastrar no<a href=\"https:\/\/brasilmais.economia.gov.br\/\" target=\"_blank\" rel=\"noreferrer noopener\">&nbsp;portal Brasil Mais<\/a>&nbsp;e responder a uma avalia\u00e7\u00e3o do grau de maturidade, de produtividade e de gest\u00e3o. Depois dessa etapa, a companhia ser\u00e1 encaminhada para o atendimento assistido do Servi\u00e7o Nacional de Aprendizagem Industrial (Senai), no caso das ind\u00fastrias, ou para o Servi\u00e7o Brasileiro de Micro e Pequenas Empresas (Sebrae), para as empresas dos demais setores que faturam at\u00e9 R$ 4,8 milh\u00f5es por ano.<\/p>\n\n\n\n<p>Segundo o Minist\u00e9rio da Economia, o programa se baseia em experi\u00eancias internacionais e em iniciativas de impacto para melhorar a produtividade das empresas. Coordenado pela Secretaria Especial de Produtividade, Emprego e Competitividade da pasta, o Brasil Mais ser\u00e1 gerido pela Ag\u00eancia Brasileira de Desenvolvimento Industrial (ABDI) e executado pelo Senai e pelo Sebrae.<\/p>\n\n\n\n<h2 class=\"wp-block-heading\">Atendimento<\/h2>\n\n\n\n<p>O Senai atender\u00e1 ind\u00fastrias de 11 a 499 funcion\u00e1rios. Far\u00e1 a capacita\u00e7\u00e3o profissional, promovendo o aprendizado coletivo em grupos de seis a oito empresas, e conduzir\u00e1 consultorias especializadas em pr\u00e1ticas e tecnologias que potencializem os resultados da produ\u00e7\u00e3o, com base nas metodologias de manufatura enxuta. Ao todo, 1,3 mil consultores atuar\u00e3o em todo o pa\u00eds, al\u00e9m de professores e tutores dos cursos de capacita\u00e7\u00e3o, online e presenciais e equipes de suporte.<\/p>\n\n\n\n<p>O Sebrae oferecer\u00e1 orienta\u00e7\u00e3o t\u00e9cnica e consultorias individuais, para que os micro e pequenos empres\u00e1rios aperfei\u00e7oem habilidades e pr\u00e1ticas gerenciais. Ap\u00f3s um diagn\u00f3stico aprofundado da gest\u00e3o da firma, ser\u00e1 desenhado um plano de a\u00e7\u00e3o personalizado, com medidas de gest\u00e3o e inova\u00e7\u00e3o. O \u00f3rg\u00e3o disponibilizar\u00e1 1,1 mil Agentes Locais de Inova\u00e7\u00e3o (ALI) em parceria com o Conselho Nacional de Desenvolvimento Cient\u00edfico e Tecnol\u00f3gico (CNPq) para acompanhar as empresas individualmente e centenas de consultores para atendimentos especializados.<\/p>\n\n\n\n<p>O programa&nbsp;ter\u00e1 tr\u00eas etapas. A primeira ser\u00e1 a otimiza\u00e7\u00e3o, que busca reduzir desperd\u00edcios, aumentar e produtividade e estabelecer metas e indicadores para as empresas. Batizada de transforma\u00e7\u00e3o digital, a&nbsp;segunda&nbsp;etapa estimular\u00e1 o uso de tecnologias digitais para aperfei\u00e7oar a produ\u00e7\u00e3o e a gest\u00e3o. As empresas com maturidade avan\u00e7ada passar\u00e3o para a terceira fase, a acelerar a ado\u00e7\u00e3o de tecnologias da Ind\u00fastria 4.0 por meio de projetos pilotos. Caso a tecnologia seja bem sucedida, o m\u00e9todo ser\u00e1 estendido a outras empresas.<\/p>\n\n\n\n<h2 class=\"wp-block-heading\">Repercuss\u00f5es<\/h2>\n\n\n\n<p>Em nota, o presidente do Sebrae, Carlos Melles, destacou que o aumento da produtividade brasileira passa pelas micro e pequenas empresas, que concentram 99% dos neg\u00f3cios do pa\u00eds. \u201cAcreditamos que o Brasil Mais ser\u00e1 a porta de entrada para disseminar melhorias gerenciais e inova\u00e7\u00f5es tecnol\u00f3gicas de modo a aumentar a participa\u00e7\u00e3o dos pequenos neg\u00f3cios no Produto Interno Bruto (PIB), de 27% para 40% na pr\u00f3xima d\u00e9cada\u201d, ressaltou.<\/p>\n\n\n\n<p>Em comunicado, o presidente da Confedera\u00e7\u00e3o Nacional da Ind\u00fastria (CNI), Robson Braga de Andrade, informou que o programa ajudar\u00e1 a tornar as empresas brasileiras mais competitivas. \u201cAcreditamos que o programa estimular\u00e1 o aumento dos investimentos necess\u00e1rios \u00e0 t\u00e3o desejada retomada do desenvolvimento econ\u00f4mico e social do pa\u00eds, viabilizando a gera\u00e7\u00e3o de mais e melhores empregos para os brasileiros\u201d, declarou.<\/p>\n","protected":false},"excerpt":{"rendered":"<p>Concebido como um programa para melhorar a gest\u00e3o e a produ\u00e7\u00e3o das micro e das pequenas empresas, o Brasil Mais pretende atender 200 mil empregadores&hellip; <\/p>\n","protected":false},"author":2,"featured_media":154069,"comment_status":"closed","ping_status":"closed","sticky":false,"template":"","format":"standard","meta":{"sfsi_plus_gutenberg_text_before_share":"","sfsi_plus_gutenberg_show_text_before_share":"","sfsi_plus_gutenberg_icon_type":"","sfsi_plus_gutenberg_icon_alignemt":"","sfsi_plus_gutenburg_max_per_row":"","footnotes":""},"categories":[2],"tags":[],"class_list":["post-154068","post","type-post","status-publish","format-standard","has-post-thumbnail","hentry","category-geral"],"_links":{"self":[{"href":"https:\/\/www.caririemacao.com\/1\/wp-json\/wp\/v2\/posts\/154068","targetHints":{"allow":["GET"]}}],"collection":[{"href":"https:\/\/www.caririemacao.com\/1\/wp-json\/wp\/v2\/posts"}],"about":[{"href":"https:\/\/www.caririemacao.com\/1\/wp-json\/wp\/v2\/types\/post"}],"author":[{"embeddable":true,"href":"https:\/\/www.caririemacao.com\/1\/wp-json\/wp\/v2\/users\/2"}],"replies":[{"embeddable":true,"href":"https:\/\/www.caririemacao.com\/1\/wp-json\/wp\/v2\/comments?post=154068"}],"version-history":[{"count":1,"href":"https:\/\/www.caririemacao.com\/1\/wp-json\/wp\/v2\/posts\/154068\/revisions"}],"predecessor-version":[{"id":154070,"href":"https:\/\/www.caririemacao.com\/1\/wp-json\/wp\/v2\/posts\/154068\/revisions\/154070"}],"wp:featuredmedia":[{"embeddable":true,"href":"https:\/\/www.caririemacao.com\/1\/wp-json\/wp\/v2\/media\/154069"}],"wp:attachment":[{"href":"https:\/\/www.caririemacao.com\/1\/wp-json\/wp\/v2\/media?parent=154068"}],"wp:term":[{"taxonomy":"category","embeddable":true,"href":"https:\/\/www.caririemacao.com\/1\/wp-json\/wp\/v2\/categories?post=154068"},{"taxonomy":"post_tag","embeddable":true,"href":"https:\/\/www.caririemacao.com\/1\/wp-json\/wp\/v2\/tags?post=154068"}],"curies":[{"name":"wp","href":"https:\/\/api.w.org\/{rel}","templated":true}]}}