{"id":154071,"date":"2020-02-19T08:21:37","date_gmt":"2020-02-19T11:21:37","guid":{"rendered":"http:\/\/www.caririemacao.com\/1\/?p=154071"},"modified":"2020-02-19T08:21:39","modified_gmt":"2020-02-19T11:21:39","slug":"sul-americana-fluminense-empata-e-acaba-eliminado","status":"publish","type":"post","link":"https:\/\/www.caririemacao.com\/1\/2020\/02\/19\/sul-americana-fluminense-empata-e-acaba-eliminado\/","title":{"rendered":"Sul-Americana: Fluminense empata e acaba eliminado"},"content":{"rendered":"\n<p>Em jogo de baixo n\u00edvel t\u00e9cnico disputado nesta ter\u00e7a (18) no est\u00e1dio Municipal Nicol\u00e1s Chahu\u00e1n, o Fluminense empatou em 0 a 0 com o Uni\u00f3n La Calera (Chile) e acabou dando adeus \u00e0 Copa Sul-Americana.<\/p>\n\n\n\n<p>A desclassifica\u00e7\u00e3o aconteceu porque no jogo de ida, realizado no Maracan\u00e3, as equipes empataram em 1 a 1. Como a competi\u00e7\u00e3o adota o crit\u00e9rio do gol fora de casa, o zero a zero garantiu os chilenos.<\/p>\n\n\n\n<p>Agora o Fluminense ter\u00e1 que concentrar as aten\u00e7\u00f5es na Copa do Brasil e no Campeonato Carioca.<\/p>\n","protected":false},"excerpt":{"rendered":"<p>Em jogo de baixo n\u00edvel t\u00e9cnico disputado nesta ter\u00e7a (18) no est\u00e1dio Municipal Nicol\u00e1s Chahu\u00e1n, o Fluminense empatou em 0 a 0 com o Uni\u00f3n&hellip; <\/p>\n","protected":false},"author":2,"featured_media":153531,"comment_status":"closed","ping_status":"closed","sticky":false,"template":"","format":"standard","meta":{"sfsi_plus_gutenberg_text_before_share":"","sfsi_plus_gutenberg_show_text_before_share":"","sfsi_plus_gutenberg_icon_type":"","sfsi_plus_gutenberg_icon_alignemt":"","sfsi_plus_gutenburg_max_per_row":"","footnotes":""},"categories":[13],"tags":[],"class_list":["post-154071","post","type-post","status-publish","format-standard","has-post-thumbnail","hentry","category-esportes"],"_links":{"self":[{"href":"https:\/\/www.caririemacao.com\/1\/wp-json\/wp\/v2\/posts\/154071","targetHints":{"allow":["GET"]}}],"collection":[{"href":"https:\/\/www.caririemacao.com\/1\/wp-json\/wp\/v2\/posts"}],"about":[{"href":"https:\/\/www.caririemacao.com\/1\/wp-json\/wp\/v2\/types\/post"}],"author":[{"embeddable":true,"href":"https:\/\/www.caririemacao.com\/1\/wp-json\/wp\/v2\/users\/2"}],"replies":[{"embeddable":true,"href":"https:\/\/www.caririemacao.com\/1\/wp-json\/wp\/v2\/comments?post=154071"}],"version-history":[{"count":1,"href":"https:\/\/www.caririemacao.com\/1\/wp-json\/wp\/v2\/posts\/154071\/revisions"}],"predecessor-version":[{"id":154072,"href":"https:\/\/www.caririemacao.com\/1\/wp-json\/wp\/v2\/posts\/154071\/revisions\/154072"}],"wp:featuredmedia":[{"embeddable":true,"href":"https:\/\/www.caririemacao.com\/1\/wp-json\/wp\/v2\/media\/153531"}],"wp:attachment":[{"href":"https:\/\/www.caririemacao.com\/1\/wp-json\/wp\/v2\/media?parent=154071"}],"wp:term":[{"taxonomy":"category","embeddable":true,"href":"https:\/\/www.caririemacao.com\/1\/wp-json\/wp\/v2\/categories?post=154071"},{"taxonomy":"post_tag","embeddable":true,"href":"https:\/\/www.caririemacao.com\/1\/wp-json\/wp\/v2\/tags?post=154071"}],"curies":[{"name":"wp","href":"https:\/\/api.w.org\/{rel}","templated":true}]}}