{"id":154074,"date":"2020-02-19T08:23:13","date_gmt":"2020-02-19T11:23:13","guid":{"rendered":"http:\/\/www.caririemacao.com\/1\/?p=154074"},"modified":"2020-02-19T08:23:15","modified_gmt":"2020-02-19T11:23:15","slug":"mec-lanca-programa-para-aprimorar-alfabetizacao","status":"publish","type":"post","link":"https:\/\/www.caririemacao.com\/1\/2020\/02\/19\/mec-lanca-programa-para-aprimorar-alfabetizacao\/","title":{"rendered":"MEC lan\u00e7a programa para aprimorar alfabetiza\u00e7\u00e3o"},"content":{"rendered":"\n<p>O Minist\u00e9rio da Educa\u00e7\u00e3o (MEC) lan\u00e7ou hoje (18) o programa Tempo de Aprender, voltado para o aperfei\u00e7oamento, o apoio e a valoriza\u00e7\u00e3o a professores e gestores escolares do \u00faltimo ano da pr\u00e9-escola e do 1\u00ba e 2\u00ba ano do ensino fundamental. O programa tem um or\u00e7amento de mais de R$ 220 milh\u00f5es e foi constru\u00eddo com base em um diagn\u00f3stico realizado pelo MEC no qual foram detectadas as \u00e1reas da alfabetiza\u00e7\u00e3o que necessitam de mais investimentos.<\/p>\n\n\n\n<p>Segundo esse diagn\u00f3stico, as \u00e1reas que est\u00e3o mais carentes, e consequentemente, receber\u00e3o mais investimento do Tempo de Aprender s\u00e3o a forma\u00e7\u00e3o pedag\u00f3gica e gerencial de docentes e gestores; materiais e recursos para alunos e professores; e acompanhamento da evolu\u00e7\u00e3o dos alunos.<\/p>\n\n\n\n<p>O programa ser\u00e1 implementado por meio da ades\u00e3o de estados, munic\u00edpios e do Distrito Federal, que podem manifestar interesse pelo site alfabetizacao.mec.gov.br.<\/p>\n\n\n\n<h2 class=\"wp-block-heading\">A\u00e7\u00f5es<\/h2>\n\n\n\n<p>Entre as a\u00e7\u00f5es previstas pelo projeto Tempo de Aprender est\u00e3o um curso, com &nbsp;vers\u00f5es&nbsp;<em>on-line<\/em>&nbsp;e presencial, para proporcionar aos docentes a aquisi\u00e7\u00e3o de conhecimentos, habilidades e estrat\u00e9gias que os auxiliem a lidar com os desafios postos pelo ciclo de alfabetiza\u00e7\u00e3o feito em parceria com a Universidade Federal de Goi\u00e1s (UFG) e um curso para auxiliar gestores educacionais, como diretores e coordenadores pedag\u00f3gicos, tamb\u00e9m com previs\u00e3o presencial e&nbsp;<em>on-line<\/em>, oferecida pela Escola Nacional de Administra\u00e7\u00e3o P\u00fablica (Enap).<\/p>\n\n\n\n<p>Tamb\u00e9m est\u00e1 prevista o lan\u00e7amento do Sistema On-line de Recursos para Alfabetiza\u00e7\u00e3o (Sora) &nbsp;para dar suporte a professores da rede p\u00fablica em todo o pa\u00eds. A ferramento foi desenvolvida pelo Laborat\u00f3rio de Tecnologia da Informa\u00e7\u00e3o e M\u00eddias Educacionais (Labtime), da UFG, e permitir\u00e1 o acesso a recursos pedag\u00f3gicos, como estrat\u00e9gias de ensino, atividades e avalia\u00e7\u00f5es formativas, com respaldo em pr\u00e1ticas exitosas de alfabetiza\u00e7\u00e3o.<\/p>\n\n\n\n<p>Outra a\u00e7\u00e3o do eixo \u00e9 o fornecimento de apoio financeiro para despesas de custeio de escolas para atua\u00e7\u00e3o de assistentes de alfabetiza\u00e7\u00e3o, profissionais que auxiliam os professores no manejo da sala. &nbsp;O MEC vai destinar R$ 183 milh\u00f5es para a iniciativa. Os repasses ocorrer\u00e3o de acordo com o calend\u00e1rio oficial e dever\u00e3o atender prioritariamente escolas em situa\u00e7\u00e3o de vulnerabilidade.<\/p>\n\n\n\n<p>O programa prev\u00ea tamb\u00e9m a reformula\u00e7\u00e3o do Programa Nacional do Livro e do Material Did\u00e1tico (PNLD) para a educa\u00e7\u00e3o infantil e anos iniciais do ensino fundamental.<\/p>\n\n\n\n<p>Tamb\u00e9m ser\u00e1 implementado o Estudo Nacional de Flu\u00eancia, que ir\u00e1 fornecer \u00e0s redes de ensino uma ferramenta de diagn\u00f3stico de flu\u00eancia em leitura oral para alunos do 2\u00ba ano do ensino fundamental. O estudo ser\u00e1 aplicado no fim de 2020 para todas as redes que aderirem ao programa Tempo de Aprender.<\/p>\n\n\n\n<p>O MEC tamb\u00e9m ainda, por meio do novo programa, realizar a reformula\u00e7\u00e3o das provas do Sistema de Avalia\u00e7\u00e3o da Educa\u00e7\u00e3o B\u00e1sica (Saeb) voltadas \u00e0 alfabetiza\u00e7\u00e3o. O intuito \u00e9 adequar as avalia\u00e7\u00f5es do Saeb aos componentes essenciais para a alfabetiza\u00e7\u00e3o e avaliar adequadamente o desempenho dos alunos em parceria com o Instituto Nacional de Estudos e Pesquisas Educacionais An\u00edsio Teixeira (Inep).<\/p>\n\n\n\n<p>O minist\u00e9rio ainda pretende valorizar os professores que conquistarem bons resultados, premiando o desempenho de professores, diretores e coordenadores pedag\u00f3gicos do 1\u00ba e 2\u00ba ano do ensino fundamental com boas pr\u00e1ticas e atividades na \u00e1rea. A medida ser\u00e1 realizada, de forma experimental, em 2020, e ser\u00e1 expandida em 2021<\/p>\n","protected":false},"excerpt":{"rendered":"<p>O Minist\u00e9rio da Educa\u00e7\u00e3o (MEC) lan\u00e7ou hoje (18) o programa Tempo de Aprender, voltado para o aperfei\u00e7oamento, o apoio e a valoriza\u00e7\u00e3o a professores e&hellip; <\/p>\n","protected":false},"author":2,"featured_media":154075,"comment_status":"closed","ping_status":"closed","sticky":false,"template":"","format":"standard","meta":{"sfsi_plus_gutenberg_text_before_share":"","sfsi_plus_gutenberg_show_text_before_share":"","sfsi_plus_gutenberg_icon_type":"","sfsi_plus_gutenberg_icon_alignemt":"","sfsi_plus_gutenburg_max_per_row":"","footnotes":""},"categories":[14],"tags":[],"class_list":["post-154074","post","type-post","status-publish","format-standard","has-post-thumbnail","hentry","category-educacao"],"_links":{"self":[{"href":"https:\/\/www.caririemacao.com\/1\/wp-json\/wp\/v2\/posts\/154074","targetHints":{"allow":["GET"]}}],"collection":[{"href":"https:\/\/www.caririemacao.com\/1\/wp-json\/wp\/v2\/posts"}],"about":[{"href":"https:\/\/www.caririemacao.com\/1\/wp-json\/wp\/v2\/types\/post"}],"author":[{"embeddable":true,"href":"https:\/\/www.caririemacao.com\/1\/wp-json\/wp\/v2\/users\/2"}],"replies":[{"embeddable":true,"href":"https:\/\/www.caririemacao.com\/1\/wp-json\/wp\/v2\/comments?post=154074"}],"version-history":[{"count":1,"href":"https:\/\/www.caririemacao.com\/1\/wp-json\/wp\/v2\/posts\/154074\/revisions"}],"predecessor-version":[{"id":154076,"href":"https:\/\/www.caririemacao.com\/1\/wp-json\/wp\/v2\/posts\/154074\/revisions\/154076"}],"wp:featuredmedia":[{"embeddable":true,"href":"https:\/\/www.caririemacao.com\/1\/wp-json\/wp\/v2\/media\/154075"}],"wp:attachment":[{"href":"https:\/\/www.caririemacao.com\/1\/wp-json\/wp\/v2\/media?parent=154074"}],"wp:term":[{"taxonomy":"category","embeddable":true,"href":"https:\/\/www.caririemacao.com\/1\/wp-json\/wp\/v2\/categories?post=154074"},{"taxonomy":"post_tag","embeddable":true,"href":"https:\/\/www.caririemacao.com\/1\/wp-json\/wp\/v2\/tags?post=154074"}],"curies":[{"name":"wp","href":"https:\/\/api.w.org\/{rel}","templated":true}]}}