{"id":154078,"date":"2020-02-19T08:25:06","date_gmt":"2020-02-19T11:25:06","guid":{"rendered":"http:\/\/www.caririemacao.com\/1\/?p=154078"},"modified":"2020-02-19T08:25:08","modified_gmt":"2020-02-19T11:25:08","slug":"prefeito-vistoria-inicio-de-construcao-de-grande-acude-na-zona-rural-de-sao-jose-dos-cordeiros","status":"publish","type":"post","link":"https:\/\/www.caririemacao.com\/1\/2020\/02\/19\/prefeito-vistoria-inicio-de-construcao-de-grande-acude-na-zona-rural-de-sao-jose-dos-cordeiros\/","title":{"rendered":"Prefeito vistoria in\u00edcio de constru\u00e7\u00e3o de grande a\u00e7ude na zona rural de S\u00e3o Jos\u00e9 dos Cordeiros"},"content":{"rendered":"\n<p>O prefeito Jefferson Roberto vistoriou nesta ter\u00e7a-feira (18) a constru\u00e7\u00e3o de um grande a\u00e7ude na comunidade do Cazuzinha, zona rural de S\u00e3o Jos\u00e9 dos Cordeiros. O reservat\u00f3rio est\u00e1 sendo constru\u00eddo a partir de um recurso conquistado pelo deputado federal Wellington Roberto ainda na gest\u00e3o do ex-prefeito Fernando Queiroz, cujo projeto e desapropria\u00e7\u00e3o da \u00e1rea foi articulado durante a atual gest\u00e3o do munic\u00edpio.<\/p>\n\n\n\n<div class=\"wp-block-image\"><figure class=\"alignright\"><img decoding=\"async\" data-src=\"http:\/\/deolhonocariri.com.br\/wp-content\/uploads\/2020\/02\/acude_cordeiros_2.jpg\" alt=\"\" class=\"wp-image-78135 lazyload\" src=\"data:image\/svg+xml;base64,PHN2ZyB3aWR0aD0iMSIgaGVpZ2h0PSIxIiB4bWxucz0iaHR0cDovL3d3dy53My5vcmcvMjAwMC9zdmciPjwvc3ZnPg==\" \/><\/figure><\/div>\n\n\n\n<p>Segundo o prefeito Jefferson, a obra h\u00eddrica ser\u00e1 uma das mais importantes de sua gest\u00e3o, pois n\u00e3o apenas representa um significativo valor investido, como produzir\u00e1 muitos benef\u00edcios para as comunidades que o circundam, como a toda a cidade de S\u00e3o Jos\u00e9 dos Cordeiros, que ganhar\u00e1 mais um manancial de grande porte.<\/p>\n\n\n\n<p>O a\u00e7ude do Cazuzinha receber\u00e1 um investimento de R$ 2.401.899,05 do Governo Federal e teve contrapartida da Prefeitura Municipal de R$ 40 mil, tanto para a elabora\u00e7\u00e3o do projeto de engenharia como desapropria\u00e7\u00e3o da \u00e1rea.<\/p>\n\n\n\n<p>A obra teve in\u00edcio nesta segunda-feira (17) e ter\u00e1 dura\u00e7\u00e3o m\u00e9dia de 5 meses. O reservat\u00f3rio contar\u00e1 com capacidade de armazenar cerca de 1 milh\u00e3o de metros c\u00fabicos de \u00e1gua.<\/p>\n","protected":false},"excerpt":{"rendered":"<p>O prefeito Jefferson Roberto vistoriou nesta ter\u00e7a-feira (18) a constru\u00e7\u00e3o de um grande a\u00e7ude na comunidade do Cazuzinha, zona rural de S\u00e3o Jos\u00e9 dos Cordeiros.&hellip; <\/p>\n","protected":false},"author":2,"featured_media":154079,"comment_status":"closed","ping_status":"closed","sticky":false,"template":"","format":"standard","meta":{"sfsi_plus_gutenberg_text_before_share":"","sfsi_plus_gutenberg_show_text_before_share":"","sfsi_plus_gutenberg_icon_type":"","sfsi_plus_gutenberg_icon_alignemt":"","sfsi_plus_gutenburg_max_per_row":"","footnotes":""},"categories":[2],"tags":[],"class_list":["post-154078","post","type-post","status-publish","format-standard","has-post-thumbnail","hentry","category-geral"],"_links":{"self":[{"href":"https:\/\/www.caririemacao.com\/1\/wp-json\/wp\/v2\/posts\/154078","targetHints":{"allow":["GET"]}}],"collection":[{"href":"https:\/\/www.caririemacao.com\/1\/wp-json\/wp\/v2\/posts"}],"about":[{"href":"https:\/\/www.caririemacao.com\/1\/wp-json\/wp\/v2\/types\/post"}],"author":[{"embeddable":true,"href":"https:\/\/www.caririemacao.com\/1\/wp-json\/wp\/v2\/users\/2"}],"replies":[{"embeddable":true,"href":"https:\/\/www.caririemacao.com\/1\/wp-json\/wp\/v2\/comments?post=154078"}],"version-history":[{"count":1,"href":"https:\/\/www.caririemacao.com\/1\/wp-json\/wp\/v2\/posts\/154078\/revisions"}],"predecessor-version":[{"id":154080,"href":"https:\/\/www.caririemacao.com\/1\/wp-json\/wp\/v2\/posts\/154078\/revisions\/154080"}],"wp:featuredmedia":[{"embeddable":true,"href":"https:\/\/www.caririemacao.com\/1\/wp-json\/wp\/v2\/media\/154079"}],"wp:attachment":[{"href":"https:\/\/www.caririemacao.com\/1\/wp-json\/wp\/v2\/media?parent=154078"}],"wp:term":[{"taxonomy":"category","embeddable":true,"href":"https:\/\/www.caririemacao.com\/1\/wp-json\/wp\/v2\/categories?post=154078"},{"taxonomy":"post_tag","embeddable":true,"href":"https:\/\/www.caririemacao.com\/1\/wp-json\/wp\/v2\/tags?post=154078"}],"curies":[{"name":"wp","href":"https:\/\/api.w.org\/{rel}","templated":true}]}}