{"id":154090,"date":"2020-02-19T09:38:09","date_gmt":"2020-02-19T12:38:09","guid":{"rendered":"http:\/\/www.caririemacao.com\/1\/?p=154090"},"modified":"2020-02-19T09:38:12","modified_gmt":"2020-02-19T12:38:12","slug":"aluna-de-sao-joao-do-tigre-e-1o-lugar-na-paraiba-em-concurso-de-redacao-promovido-pela-cgu-mppb-e-focco","status":"publish","type":"post","link":"https:\/\/www.caririemacao.com\/1\/2020\/02\/19\/aluna-de-sao-joao-do-tigre-e-1o-lugar-na-paraiba-em-concurso-de-redacao-promovido-pela-cgu-mppb-e-focco\/","title":{"rendered":"Aluna de S\u00e3o Jo\u00e3o do Tigre \u00e9 1\u00ba lugar na Para\u00edba em concurso de reda\u00e7\u00e3o promovido pela CGU, MPPB e FOCCO"},"content":{"rendered":"\n<figure class=\"wp-block-image\"><img decoding=\"async\" data-src=\"https:\/\/scontent.fcpv1-1.fna.fbcdn.net\/v\/t1.0-9\/86973594_2819698011439490_6142112320601456640_n.jpg?_nc_cat=108&amp;_nc_eui2=AeG4qYOeuMW5brkWZa4kKW1lwwJ39Xtd3eKiRq1p0bI9wvoCxcZktkbqHbUg-HKmK2ZSq5IEhG1C_h0-Sjv8yZazO_89DRKbagsmyIu759gwoQ&amp;_nc_ohc=xDpk0uZ05c8AX_zCsBT&amp;_nc_ht=scontent.fcpv1-1.fna&amp;oh=ded7cdd9a6547523eb945714325a41b3&amp;oe=5EC443B5\" alt=\"A imagem pode conter: 9 pessoas, incluindo Helena Baltazar, Celio Barbosa, Maria Em\u00edlia Medeiros e Cristiane Costa, pessoas sorrindo, pessoas em p\u00e9 e \u00e1rea interna\" src=\"data:image\/svg+xml;base64,PHN2ZyB3aWR0aD0iMSIgaGVpZ2h0PSIxIiB4bWxucz0iaHR0cDovL3d3dy53My5vcmcvMjAwMC9zdmciPjwvc3ZnPg==\" class=\"lazyload\" \/><\/figure>\n\n\n\n<figure class=\"wp-block-image\"><a href=\"https:\/\/1.bp.blogspot.com\/-sXhik_hCtH4\/XkwlZR2wuWI\/AAAAAAAAHj8\/9nKS7Qt3iuEoXcMvgkZDDopdrcQpk307QCLcBGAsYHQ\/s1600\/1.jpg\"><img decoding=\"async\" data-src=\"https:\/\/1.bp.blogspot.com\/-sXhik_hCtH4\/XkwlZR2wuWI\/AAAAAAAAHj8\/9nKS7Qt3iuEoXcMvgkZDDopdrcQpk307QCLcBGAsYHQ\/s280\/1.jpg\" alt=\"\" src=\"data:image\/svg+xml;base64,PHN2ZyB3aWR0aD0iMSIgaGVpZ2h0PSIxIiB4bWxucz0iaHR0cDovL3d3dy53My5vcmcvMjAwMC9zdmciPjwvc3ZnPg==\" class=\"lazyload\" \/><\/a><\/figure>\n\n\n\n<figure class=\"wp-block-image\"><img decoding=\"async\" data-src=\"https:\/\/scontent.fcpv1-1.fna.fbcdn.net\/v\/t1.0-9\/86394942_2819697271439564_1104351871234998272_n.jpg?_nc_cat=103&amp;_nc_eui2=AeG17s0RiQWePFfslVHyzPfV0dM3uTkiBps4mjjlk1FUqz1t0mDQHzf571kIkteQFHG1WGhZ8yDzmJew9YaPIaqLcGCboVSFOCaYed9XVvZUJQ&amp;_nc_ohc=Y2vaTHzj7CkAX-mcqI2&amp;_nc_ht=scontent.fcpv1-1.fna&amp;oh=37d7dd4d8f84c8250b7e1c8eca7d95fa&amp;oe=5F0323D6\" alt=\"A imagem pode conter: 8 pessoas, incluindo Maria Em\u00edlia Medeiros e Celio Barbosa, pessoas sorrindo, pessoas em p\u00e9\" src=\"data:image\/svg+xml;base64,PHN2ZyB3aWR0aD0iMSIgaGVpZ2h0PSIxIiB4bWxucz0iaHR0cDovL3d3dy53My5vcmcvMjAwMC9zdmciPjwvc3ZnPg==\" class=\"lazyload\" \/><\/figure>\n\n\n\n<figure class=\"wp-block-image\"><img decoding=\"async\" data-src=\"https:\/\/scontent.fcpv1-1.fna.fbcdn.net\/v\/t1.0-9\/87057713_2819697718106186_3281188725895200768_n.jpg?_nc_cat=111&amp;_nc_eui2=AeHRArTF-4iKu60wmR8a6a5r0HedIC9v9yEIa_pBuLVM_dBlqLWZj_m6bbLanmM9Y0duqxAn7nnifVJ-V0w-aejnXjU4SvjJ2WpnMuXuD9Ei5A&amp;_nc_ohc=8IDU8JQGr04AX-WuvsB&amp;_nc_ht=scontent.fcpv1-1.fna&amp;oh=568784909ff9468dd56fc459a6481550&amp;oe=5ECC611F\" alt=\"A imagem pode conter: bebida\" src=\"data:image\/svg+xml;base64,PHN2ZyB3aWR0aD0iMSIgaGVpZ2h0PSIxIiB4bWxucz0iaHR0cDovL3d3dy53My5vcmcvMjAwMC9zdmciPjwvc3ZnPg==\" class=\"lazyload\" \/><\/figure>\n\n\n\n<p>Uma aluna da rede municipal de S\u00e3o Jo\u00e3o do Tigre foi a grande vencedora do \u201cConcurso de reda\u00e7\u00e3o e desenho\u201d promovido pela CGU, MPPB&nbsp;&nbsp;e Focco edi\u00e7\u00e3o 2019.Gabriely Bezerra da Silva venceu a etapa estadual na categoria \u201c7\u00ba ano do ensino fundamental- reda\u00e7\u00e3o\u201d. Ela \u00e9 aluna da EMEF Seme\u00e3o da Costa e recebeu sua premia\u00e7\u00e3o nesta ter\u00e7a feira ao lado de sua m\u00e3e, em S\u00e3o Jo\u00e3o do Tigre das m\u00e3os do representante da Controladoria Geral da Uni\u00e3o- CGU Walber Alexandre de Oliveira e Silva.<br>Gabriely recebeu um certificado e um aparelho celular em cerimonia que contou com a participa\u00e7\u00e3o de diversas autoridades, entre elas, o prefeito C\u00e9lio Barbosa, a vice prefeita Maria Em\u00edlia, a secret\u00e1ria de educa\u00e7\u00e3o Cristiane Costa, a vereadora Leninha, professores, coordenadores, diretores, pais e alunos de toda a rede municipal.<br>Durante a cerimonia, tamb\u00e9m foram premiados pela gest\u00e3o, todos os primeiros colocados, nas modalidades de todas as s\u00e9ries e de todas as escolas da rede municipal, que ganharam brindes e um trof\u00e9u cada um, como forma de os incentivar pelo bom resultado obtido.<br>O evento contou ainda com apresenta\u00e7\u00f5es do Grupo do Novo Mais Educa\u00e7\u00e3o Escola do Campo, sob coordena\u00e7\u00e3o dos monitores Laudvan e Jonas, apresenta\u00e7\u00f5es culturais das meninas da escola Seme\u00e3o da Costa, e participa\u00e7\u00e3o da Filarm\u00f4nica 07 de Setembro sob reg\u00eancia do maestro Cl\u00e9cio.<br>Ao final do evento o representante da CGU Walber Alexandre, lan\u00e7ou a edi\u00e7\u00e3o 2020 do concurso, e incentivou pessoalmente a participa\u00e7\u00e3o de todos os alunos de S\u00e3o Jo\u00e3o do Tigre, que nesta edi\u00e7\u00e3o contou com uma vencedora estadual.<br>Ao final foi servido um almo\u00e7o, e o evento foi considerado um verdadeiro sucesso.<br>VEJA MAIS FOTOS:<br><\/p>\n\n\n\n<figure class=\"wp-block-image\"><a href=\"https:\/\/1.bp.blogspot.com\/-oks6502eULA\/Xkwlm7BY3TI\/AAAAAAAAHkA\/vx1zY8mToSAepOeljfmRd5kznsTSSMU4QCLcBGAsYHQ\/s1600\/11.jpg\"><img decoding=\"async\" data-src=\"https:\/\/1.bp.blogspot.com\/-oks6502eULA\/Xkwlm7BY3TI\/AAAAAAAAHkA\/vx1zY8mToSAepOeljfmRd5kznsTSSMU4QCLcBGAsYHQ\/s280\/11.jpg\" alt=\"\" src=\"data:image\/svg+xml;base64,PHN2ZyB3aWR0aD0iMSIgaGVpZ2h0PSIxIiB4bWxucz0iaHR0cDovL3d3dy53My5vcmcvMjAwMC9zdmciPjwvc3ZnPg==\" class=\"lazyload\" \/><\/a><\/figure>\n\n\n\n<figure class=\"wp-block-image\"><a href=\"https:\/\/1.bp.blogspot.com\/-QmVNMTRJL9U\/Xkwlm58s22I\/AAAAAAAAHkE\/xeeE5THZ1sgr0keTel7o_FhfrOO1p2TKgCLcBGAsYHQ\/s1600\/111.jpg\"><img decoding=\"async\" data-src=\"https:\/\/1.bp.blogspot.com\/-QmVNMTRJL9U\/Xkwlm58s22I\/AAAAAAAAHkE\/xeeE5THZ1sgr0keTel7o_FhfrOO1p2TKgCLcBGAsYHQ\/s280\/111.jpg\" alt=\"\" src=\"data:image\/svg+xml;base64,PHN2ZyB3aWR0aD0iMSIgaGVpZ2h0PSIxIiB4bWxucz0iaHR0cDovL3d3dy53My5vcmcvMjAwMC9zdmciPjwvc3ZnPg==\" class=\"lazyload\" \/><\/a><\/figure>\n\n\n\n<figure class=\"wp-block-image\"><a href=\"https:\/\/1.bp.blogspot.com\/-BEmKvf9KtS8\/XkwlnBVZ-2I\/AAAAAAAAHkI\/YMsmf88wakgYHB7SjGlMXCpXGKctcxZfwCLcBGAsYHQ\/s1600\/1111.jpg\"><img decoding=\"async\" data-src=\"https:\/\/1.bp.blogspot.com\/-BEmKvf9KtS8\/XkwlnBVZ-2I\/AAAAAAAAHkI\/YMsmf88wakgYHB7SjGlMXCpXGKctcxZfwCLcBGAsYHQ\/s640\/1111.jpg\" alt=\"\" src=\"data:image\/svg+xml;base64,PHN2ZyB3aWR0aD0iMSIgaGVpZ2h0PSIxIiB4bWxucz0iaHR0cDovL3d3dy53My5vcmcvMjAwMC9zdmciPjwvc3ZnPg==\" class=\"lazyload\" \/><\/a><\/figure>\n\n\n\n<figure class=\"wp-block-image\"><a href=\"https:\/\/1.bp.blogspot.com\/-gEZBVwWhDBE\/XkwlniNJ7YI\/AAAAAAAAHkM\/pCZZv_FRidglUP7b99hJHYWY7BJm0c4bgCLcBGAsYHQ\/s1600\/11111.jpg\"><img decoding=\"async\" data-src=\"https:\/\/1.bp.blogspot.com\/-gEZBVwWhDBE\/XkwlniNJ7YI\/AAAAAAAAHkM\/pCZZv_FRidglUP7b99hJHYWY7BJm0c4bgCLcBGAsYHQ\/s280\/11111.jpg\" alt=\"\" src=\"data:image\/svg+xml;base64,PHN2ZyB3aWR0aD0iMSIgaGVpZ2h0PSIxIiB4bWxucz0iaHR0cDovL3d3dy53My5vcmcvMjAwMC9zdmciPjwvc3ZnPg==\" class=\"lazyload\" \/><\/a><\/figure>\n\n\n\n<figure class=\"wp-block-image\"><a href=\"https:\/\/1.bp.blogspot.com\/-wsEaFUFHx54\/XkwlnzXj5uI\/AAAAAAAAHkU\/xHo7CzVt1OsvE_IDk4zDyDSxOAI33AIogCLcBGAsYHQ\/s1600\/111111.jpg\"><img decoding=\"async\" data-src=\"https:\/\/1.bp.blogspot.com\/-wsEaFUFHx54\/XkwlnzXj5uI\/AAAAAAAAHkU\/xHo7CzVt1OsvE_IDk4zDyDSxOAI33AIogCLcBGAsYHQ\/s280\/111111.jpg\" alt=\"\" src=\"data:image\/svg+xml;base64,PHN2ZyB3aWR0aD0iMSIgaGVpZ2h0PSIxIiB4bWxucz0iaHR0cDovL3d3dy53My5vcmcvMjAwMC9zdmciPjwvc3ZnPg==\" class=\"lazyload\" \/><\/a><figcaption><br>F\u00e1bioBrito<\/figcaption><\/figure>\n","protected":false},"excerpt":{"rendered":"<p>Uma aluna da rede municipal de S\u00e3o Jo\u00e3o do Tigre foi a grande vencedora do \u201cConcurso de reda\u00e7\u00e3o e desenho\u201d promovido pela CGU, MPPB&nbsp;&nbsp;e Focco&hellip; <\/p>\n","protected":false},"author":2,"featured_media":154091,"comment_status":"closed","ping_status":"closed","sticky":false,"template":"","format":"standard","meta":{"sfsi_plus_gutenberg_text_before_share":"","sfsi_plus_gutenberg_show_text_before_share":"","sfsi_plus_gutenberg_icon_type":"","sfsi_plus_gutenberg_icon_alignemt":"","sfsi_plus_gutenburg_max_per_row":"","footnotes":""},"categories":[2],"tags":[],"class_list":["post-154090","post","type-post","status-publish","format-standard","has-post-thumbnail","hentry","category-geral"],"_links":{"self":[{"href":"https:\/\/www.caririemacao.com\/1\/wp-json\/wp\/v2\/posts\/154090","targetHints":{"allow":["GET"]}}],"collection":[{"href":"https:\/\/www.caririemacao.com\/1\/wp-json\/wp\/v2\/posts"}],"about":[{"href":"https:\/\/www.caririemacao.com\/1\/wp-json\/wp\/v2\/types\/post"}],"author":[{"embeddable":true,"href":"https:\/\/www.caririemacao.com\/1\/wp-json\/wp\/v2\/users\/2"}],"replies":[{"embeddable":true,"href":"https:\/\/www.caririemacao.com\/1\/wp-json\/wp\/v2\/comments?post=154090"}],"version-history":[{"count":1,"href":"https:\/\/www.caririemacao.com\/1\/wp-json\/wp\/v2\/posts\/154090\/revisions"}],"predecessor-version":[{"id":154092,"href":"https:\/\/www.caririemacao.com\/1\/wp-json\/wp\/v2\/posts\/154090\/revisions\/154092"}],"wp:featuredmedia":[{"embeddable":true,"href":"https:\/\/www.caririemacao.com\/1\/wp-json\/wp\/v2\/media\/154091"}],"wp:attachment":[{"href":"https:\/\/www.caririemacao.com\/1\/wp-json\/wp\/v2\/media?parent=154090"}],"wp:term":[{"taxonomy":"category","embeddable":true,"href":"https:\/\/www.caririemacao.com\/1\/wp-json\/wp\/v2\/categories?post=154090"},{"taxonomy":"post_tag","embeddable":true,"href":"https:\/\/www.caririemacao.com\/1\/wp-json\/wp\/v2\/tags?post=154090"}],"curies":[{"name":"wp","href":"https:\/\/api.w.org\/{rel}","templated":true}]}}