{"id":154099,"date":"2020-02-19T10:06:33","date_gmt":"2020-02-19T13:06:33","guid":{"rendered":"http:\/\/www.caririemacao.com\/1\/?p=154099"},"modified":"2020-02-19T10:06:35","modified_gmt":"2020-02-19T13:06:35","slug":"ja-nao-me-sinto-mais-no-psb-dispara-adriano-galdino","status":"publish","type":"post","link":"https:\/\/www.caririemacao.com\/1\/2020\/02\/19\/ja-nao-me-sinto-mais-no-psb-dispara-adriano-galdino\/","title":{"rendered":"\u201cJ\u00e1 n\u00e3o me sinto mais no PSB\u201d, dispara Adriano Galdino"},"content":{"rendered":"\n<p>O presidente da Assembleia Legislativa da Para\u00edba (ALPB), deputado Adriano Galdino, n\u00e3o pretende contribuir com os projetos pol\u00edticos do PSB em Campina Grande e em Jo\u00e3o Pessoa, nos pleitos municipais deste ano. Nesta ter\u00e7a-feira (18), Galdino evitou comentar os nomes que dever\u00e3o ser lan\u00e7ados pelos socialistas.<\/p>\n\n\n\n<p>\u201cN\u00e3o vou opinar pelo PSB. N\u00e3o sai porque n\u00e3o me deixaram. N\u00e3o tenho opini\u00e3o formada, porque j\u00e1 n\u00e3o me sinto mais no PSB. S\u00f3 estou cumprindo tabela por quest\u00f5es jur\u00eddicas. Mas se houvesse possibilidade, j\u00e1 tinha sa\u00eddo do ontem\u201d, afirmou.<\/p>\n\n\n\n<p>Os parlamentares eleitos em 2018 n\u00e3o podem deixar os partidos, j\u00e1 que o mandato pertence a sigla, portanto uma sa\u00edda poderia configurar infidelidade partid\u00e1ria. Para mudar, eles devem esperar a janela partid\u00e1ria de 2022.<\/p>\n\n\n\n<p>Para\u00edbaDebate<\/p>\n","protected":false},"excerpt":{"rendered":"<p>O presidente da Assembleia Legislativa da Para\u00edba (ALPB), deputado Adriano Galdino, n\u00e3o pretende contribuir com os projetos pol\u00edticos do PSB em Campina Grande e em&hellip; <\/p>\n","protected":false},"author":2,"featured_media":154100,"comment_status":"closed","ping_status":"closed","sticky":false,"template":"","format":"standard","meta":{"sfsi_plus_gutenberg_text_before_share":"","sfsi_plus_gutenberg_show_text_before_share":"","sfsi_plus_gutenberg_icon_type":"","sfsi_plus_gutenberg_icon_alignemt":"","sfsi_plus_gutenburg_max_per_row":"","footnotes":""},"categories":[11],"tags":[],"class_list":["post-154099","post","type-post","status-publish","format-standard","has-post-thumbnail","hentry","category-politica"],"_links":{"self":[{"href":"https:\/\/www.caririemacao.com\/1\/wp-json\/wp\/v2\/posts\/154099","targetHints":{"allow":["GET"]}}],"collection":[{"href":"https:\/\/www.caririemacao.com\/1\/wp-json\/wp\/v2\/posts"}],"about":[{"href":"https:\/\/www.caririemacao.com\/1\/wp-json\/wp\/v2\/types\/post"}],"author":[{"embeddable":true,"href":"https:\/\/www.caririemacao.com\/1\/wp-json\/wp\/v2\/users\/2"}],"replies":[{"embeddable":true,"href":"https:\/\/www.caririemacao.com\/1\/wp-json\/wp\/v2\/comments?post=154099"}],"version-history":[{"count":1,"href":"https:\/\/www.caririemacao.com\/1\/wp-json\/wp\/v2\/posts\/154099\/revisions"}],"predecessor-version":[{"id":154101,"href":"https:\/\/www.caririemacao.com\/1\/wp-json\/wp\/v2\/posts\/154099\/revisions\/154101"}],"wp:featuredmedia":[{"embeddable":true,"href":"https:\/\/www.caririemacao.com\/1\/wp-json\/wp\/v2\/media\/154100"}],"wp:attachment":[{"href":"https:\/\/www.caririemacao.com\/1\/wp-json\/wp\/v2\/media?parent=154099"}],"wp:term":[{"taxonomy":"category","embeddable":true,"href":"https:\/\/www.caririemacao.com\/1\/wp-json\/wp\/v2\/categories?post=154099"},{"taxonomy":"post_tag","embeddable":true,"href":"https:\/\/www.caririemacao.com\/1\/wp-json\/wp\/v2\/tags?post=154099"}],"curies":[{"name":"wp","href":"https:\/\/api.w.org\/{rel}","templated":true}]}}