{"id":154102,"date":"2020-02-19T10:08:07","date_gmt":"2020-02-19T13:08:07","guid":{"rendered":"http:\/\/www.caririemacao.com\/1\/?p=154102"},"modified":"2020-02-19T10:08:09","modified_gmt":"2020-02-19T13:08:09","slug":"selecao-feminina-pia-sundhage-convoca-para-torneio-da-franca","status":"publish","type":"post","link":"https:\/\/www.caririemacao.com\/1\/2020\/02\/19\/selecao-feminina-pia-sundhage-convoca-para-torneio-da-franca\/","title":{"rendered":"Sele\u00e7\u00e3o feminina: Pia Sundhage convoca para Torneio da Fran\u00e7a"},"content":{"rendered":"\n<p>A t\u00e9cnica da sele\u00e7\u00e3o feminina de futebol, a sueca Pia Sundhage, anunciou nesta ter\u00e7a (18) a rela\u00e7\u00e3o de convocadas para a disputa do Torneio Internacional da Fran\u00e7a, competi\u00e7\u00e3o que servir\u00e1 de prepara\u00e7\u00e3o para os Jogos Ol\u00edmpicos de 2020, que acontecem em T\u00f3quio (Jap\u00e3o).<\/p>\n\n\n\n<p>No Torneio Internacional da Fran\u00e7a o Brasil enfrentar\u00e1 as sele\u00e7\u00f5es da Fran\u00e7a, da Holanda e do Canad\u00e1 entre os dias 2 e 11 de mar\u00e7o nas cidades de Calais e Valenciennes.<\/p>\n\n\n\n<h2 class=\"wp-block-heading\">Novidades<\/h2>\n\n\n\n<p>Nesta convoca\u00e7\u00e3o, a t\u00e9cnica sueca chamou duas jogadoras pela primeira vez, a goleira Natasha e a lateral-esquerda Jucinara.<\/p>\n\n\n\n<p>Tamb\u00e9m chamou a aten\u00e7\u00e3o o aumento do n\u00famero de jogadoras que atuam no Brasil na atual convoca\u00e7\u00e3o. Segundo Pia, isso se deu pela melhora do futebol feminino no Brasil: \u201cO fato de a CBF ter uma liga competitiva \u00e9 excelente. Sonho com jogadoras l\u00e1 de fora virem jogar aqui. Isso n\u00e3o \u00e9 imposs\u00edvel, mas podemos chegar nesse n\u00edvel com bons t\u00e9cnicos, boas jogadoras e transmiss\u00e3o dos jogos\u201d.<\/p>\n\n\n\n<h2 class=\"wp-block-heading\">Rela\u00e7\u00e3o de convocadas:<\/h2>\n\n\n\n<p>Goleiras: Aline &#8211; UD Granadilla Tenerife (Espanha), B\u00e1rbara &#8211; Ava\u00ed\/Kindermann (Brasil) e Natascha &#8211; Paris FC (Fran\u00e7a).<\/p>\n\n\n\n<p>Defensoras: Bruna Benites &#8211; Internacional (Brasil), Daiane &#8211; Tac\u00f3n (Espanha), Erika &#8211; Corinthians (Brasil), Jucinara &#8211; Levante UD (Espanha), Let\u00edcia Santos &#8211; F.F.C Frankfurt (Alemanha), Rafaelle -Changchun Dazhong (China), Tayla &#8211; Santos (Brasil) e Tamires &#8211; Corinthians (Brasil).<\/p>\n\n\n\n<p>Meio-campistas: Aline Milene &#8211; Ferrovi\u00e1ria (Brasil), Andressa Alves &#8211; Roma (It\u00e1lia), Andressinha &#8211; Corinthians (Brasil), Debinha &#8211; North Carolina Courage (EUA), Duda &#8211; S\u00e3o Paulo (Brasil), Formiga &#8211; Paris St Germain (Fran\u00e7a), Luana &#8211; Paris St Germain (Fran\u00e7a) e Thaisa &#8211; Tac\u00f3n (Espanha).<\/p>\n\n\n\n<p>Atacantes: Bia Zaneratto &#8211; Palmeiras (Brasil), Cristiane &#8211; Santos (Brasil), Geyse &#8211; Madrid CFF (Espanha), Ludmila &#8211; Atl\u00e9tico de Madrid (Espanha) e Marta &#8211; Orlando Pride (Estados Unidos).<\/p>\n","protected":false},"excerpt":{"rendered":"<p>A t\u00e9cnica da sele\u00e7\u00e3o feminina de futebol, a sueca Pia Sundhage, anunciou nesta ter\u00e7a (18) a rela\u00e7\u00e3o de convocadas para a disputa do Torneio Internacional&hellip; <\/p>\n","protected":false},"author":2,"featured_media":154103,"comment_status":"closed","ping_status":"closed","sticky":false,"template":"","format":"standard","meta":{"sfsi_plus_gutenberg_text_before_share":"","sfsi_plus_gutenberg_show_text_before_share":"","sfsi_plus_gutenberg_icon_type":"","sfsi_plus_gutenberg_icon_alignemt":"","sfsi_plus_gutenburg_max_per_row":"","footnotes":""},"categories":[2],"tags":[],"class_list":["post-154102","post","type-post","status-publish","format-standard","has-post-thumbnail","hentry","category-geral"],"_links":{"self":[{"href":"https:\/\/www.caririemacao.com\/1\/wp-json\/wp\/v2\/posts\/154102","targetHints":{"allow":["GET"]}}],"collection":[{"href":"https:\/\/www.caririemacao.com\/1\/wp-json\/wp\/v2\/posts"}],"about":[{"href":"https:\/\/www.caririemacao.com\/1\/wp-json\/wp\/v2\/types\/post"}],"author":[{"embeddable":true,"href":"https:\/\/www.caririemacao.com\/1\/wp-json\/wp\/v2\/users\/2"}],"replies":[{"embeddable":true,"href":"https:\/\/www.caririemacao.com\/1\/wp-json\/wp\/v2\/comments?post=154102"}],"version-history":[{"count":1,"href":"https:\/\/www.caririemacao.com\/1\/wp-json\/wp\/v2\/posts\/154102\/revisions"}],"predecessor-version":[{"id":154104,"href":"https:\/\/www.caririemacao.com\/1\/wp-json\/wp\/v2\/posts\/154102\/revisions\/154104"}],"wp:featuredmedia":[{"embeddable":true,"href":"https:\/\/www.caririemacao.com\/1\/wp-json\/wp\/v2\/media\/154103"}],"wp:attachment":[{"href":"https:\/\/www.caririemacao.com\/1\/wp-json\/wp\/v2\/media?parent=154102"}],"wp:term":[{"taxonomy":"category","embeddable":true,"href":"https:\/\/www.caririemacao.com\/1\/wp-json\/wp\/v2\/categories?post=154102"},{"taxonomy":"post_tag","embeddable":true,"href":"https:\/\/www.caririemacao.com\/1\/wp-json\/wp\/v2\/tags?post=154102"}],"curies":[{"name":"wp","href":"https:\/\/api.w.org\/{rel}","templated":true}]}}