{"id":154105,"date":"2020-02-19T10:10:54","date_gmt":"2020-02-19T13:10:54","guid":{"rendered":"http:\/\/www.caririemacao.com\/1\/?p=154105"},"modified":"2020-02-19T10:10:55","modified_gmt":"2020-02-19T13:10:55","slug":"policias-civil-militar-e-bombeiros-deflagram-paralisacao-durante-12h-na-paraiba-delegacias-serao-fechadas","status":"publish","type":"post","link":"https:\/\/www.caririemacao.com\/1\/2020\/02\/19\/policias-civil-militar-e-bombeiros-deflagram-paralisacao-durante-12h-na-paraiba-delegacias-serao-fechadas\/","title":{"rendered":"Pol\u00edcias Civil, Militar e Bombeiros deflagram paralisa\u00e7\u00e3o durante 12h na Para\u00edba; delegacias ser\u00e3o fechadas"},"content":{"rendered":"\n<p>As Pol\u00edcias Civil, Militar e o Corpo de Bombeiros deflagraram uma paralisa\u00e7\u00e3o nesta quarta-feira (19), na Para\u00edba. A paralisa\u00e7\u00e3o acontece para a realiza\u00e7\u00e3o de uma Assembleia Geral Unificada com o objetivo de discutir um maior percentual de reajuste salarial.&nbsp;<\/p>\n\n\n\n<p>Com a paralisa\u00e7\u00e3o, as pol\u00edcias decidiram fechar as delegacias a partir das 12h.&nbsp;As atividades dos servidores da seguran\u00e7a ser\u00e3o suspensas pelo per\u00edodo de 12 horas e ser\u00e3o mantidos apenas os atendimentos de urg\u00eancia.<\/p>\n\n\n\n<p>Os policiais civis alertam que os&nbsp;registros sejam&nbsp;feitos na Central de Flagrantes a partir das 12h.&nbsp;<br><\/p>\n\n\n\n<p>Segundo uma&nbsp;nota, divulgada nessa ter\u00e7a-feira (18), o F\u00f3rum dos Servidores das Entidades das Pol\u00edcias Civil, Militar e Bombeiros, informou&nbsp;que h\u00e1 10&nbsp;meses tenta dialogar com o Governo e que o governador&nbsp;pediu que o prazo para emitir resposta \u00e0 proposta das entidades fosse prorrogado para o pr\u00f3ximo dia 21, descumprindo acordo que previa uma resposta para esta ter\u00e7a (18).<\/p>\n\n\n\n<p>J\u00e1 os policiais militares foram orientados a sair do plant\u00e3o extra e manter a opera\u00e7\u00e3o padr\u00e3o.<\/p>\n","protected":false},"excerpt":{"rendered":"<p>As Pol\u00edcias Civil, Militar e o Corpo de Bombeiros deflagraram uma paralisa\u00e7\u00e3o nesta quarta-feira (19), na Para\u00edba. A paralisa\u00e7\u00e3o acontece para a realiza\u00e7\u00e3o de uma&hellip; <\/p>\n","protected":false},"author":2,"featured_media":154106,"comment_status":"closed","ping_status":"closed","sticky":false,"template":"","format":"standard","meta":{"sfsi_plus_gutenberg_text_before_share":"","sfsi_plus_gutenberg_show_text_before_share":"","sfsi_plus_gutenberg_icon_type":"","sfsi_plus_gutenberg_icon_alignemt":"","sfsi_plus_gutenburg_max_per_row":"","footnotes":""},"categories":[12],"tags":[],"class_list":["post-154105","post","type-post","status-publish","format-standard","has-post-thumbnail","hentry","category-policia"],"_links":{"self":[{"href":"https:\/\/www.caririemacao.com\/1\/wp-json\/wp\/v2\/posts\/154105","targetHints":{"allow":["GET"]}}],"collection":[{"href":"https:\/\/www.caririemacao.com\/1\/wp-json\/wp\/v2\/posts"}],"about":[{"href":"https:\/\/www.caririemacao.com\/1\/wp-json\/wp\/v2\/types\/post"}],"author":[{"embeddable":true,"href":"https:\/\/www.caririemacao.com\/1\/wp-json\/wp\/v2\/users\/2"}],"replies":[{"embeddable":true,"href":"https:\/\/www.caririemacao.com\/1\/wp-json\/wp\/v2\/comments?post=154105"}],"version-history":[{"count":1,"href":"https:\/\/www.caririemacao.com\/1\/wp-json\/wp\/v2\/posts\/154105\/revisions"}],"predecessor-version":[{"id":154107,"href":"https:\/\/www.caririemacao.com\/1\/wp-json\/wp\/v2\/posts\/154105\/revisions\/154107"}],"wp:featuredmedia":[{"embeddable":true,"href":"https:\/\/www.caririemacao.com\/1\/wp-json\/wp\/v2\/media\/154106"}],"wp:attachment":[{"href":"https:\/\/www.caririemacao.com\/1\/wp-json\/wp\/v2\/media?parent=154105"}],"wp:term":[{"taxonomy":"category","embeddable":true,"href":"https:\/\/www.caririemacao.com\/1\/wp-json\/wp\/v2\/categories?post=154105"},{"taxonomy":"post_tag","embeddable":true,"href":"https:\/\/www.caririemacao.com\/1\/wp-json\/wp\/v2\/tags?post=154105"}],"curies":[{"name":"wp","href":"https:\/\/api.w.org\/{rel}","templated":true}]}}