{"id":154109,"date":"2020-02-19T10:13:12","date_gmt":"2020-02-19T13:13:12","guid":{"rendered":"http:\/\/www.caririemacao.com\/1\/?p=154109"},"modified":"2020-02-19T10:13:15","modified_gmt":"2020-02-19T13:13:15","slug":"prefeito-eden-e-deputado-wellington-roberto-conseguem-recursos-para-a-construcao-de-mais-uma-escola-no-municipio-de-sume","status":"publish","type":"post","link":"https:\/\/www.caririemacao.com\/1\/2020\/02\/19\/prefeito-eden-e-deputado-wellington-roberto-conseguem-recursos-para-a-construcao-de-mais-uma-escola-no-municipio-de-sume\/","title":{"rendered":"Prefeito \u00c9den e deputado Wellington Roberto conseguem recursos para a constru\u00e7\u00e3o de mais uma escola no munic\u00edpio de Sum\u00e9"},"content":{"rendered":"\n<figure class=\"wp-block-image\"><a href=\"http:\/\/www.sume.pb.gov.br\/wp-content\/uploads\/2020\/02\/IMG_2843.jpg\"><img decoding=\"async\" data-src=\"http:\/\/www.sume.pb.gov.br\/wp-content\/uploads\/2020\/02\/IMG_2843-300x225.jpg\" alt=\"\" class=\"wp-image-9612 lazyload\" src=\"data:image\/svg+xml;base64,PHN2ZyB3aWR0aD0iMSIgaGVpZ2h0PSIxIiB4bWxucz0iaHR0cDovL3d3dy53My5vcmcvMjAwMC9zdmciPjwvc3ZnPg==\" style=\"--smush-placeholder-width: 300px; --smush-placeholder-aspect-ratio: 300\/225;\" \/><\/a><\/figure>\n\n\n\n<p>O prefeito \u00c9den Duarte e o secret\u00e1rio de administra\u00e7\u00e3o do munic\u00edpio, Bon\u00edlson Tim\u00f3teo, est\u00e3o em Bras\u00edlia participando de v\u00e1rias audi\u00eancias em busca de recursos para Sum\u00e9. Nessa ter\u00e7a-feira (18), al\u00e9m de visitar gabinetes e minist\u00e9rios, na Capital Federal, \u00c9den e Bonilson estiveram acompanhados do deputado federal Wellington Roberto. O parlamentar paraibano liberou emenda no valor de mais de um milh\u00e3o de reais para o munic\u00edpio.<\/p>\n\n\n\n<p>Os recursos empenhados s\u00e3o destinados para a constru\u00e7\u00e3o de uma escola integral com \u00e1rea de 1.129,64 m\u00b2, seis salas de aula, capacidade de atendimento de at\u00e9 360 alunos \u2013 180 em dois turnos (matutino e vespertino), biblioteca, sala de inform\u00e1tica, p\u00e1tio coberto, cozinha, dispensa, dep\u00f3sito, vesti\u00e1rio, \u00e1rea de servi\u00e7o, \u00e1rea de servi\u00e7o externa, jardim, sistema de g\u00e1s embutido, vaga para carga e descarga de material, sala para diretoria com arquivo e sanit\u00e1rio, sala para secretaria, almoxarifado e sala de professores.<\/p>\n\n\n\n<p>A escola ser\u00e1 constru\u00edda na Rua Professora Guiomar Coelho, antigo Parque Escolar. O valor estimado da obra \u00e9 R$ 1.150.770,06.<\/p>\n\n\n\n<div class=\"wp-block-image\"><figure class=\"aligncenter\"><a href=\"http:\/\/www.sume.pb.gov.br\/wp-content\/uploads\/2020\/02\/WhatsApp-Image-2020-02-19-at-09.25.16.jpeg\"><img decoding=\"async\" data-src=\"http:\/\/www.sume.pb.gov.br\/wp-content\/uploads\/2020\/02\/WhatsApp-Image-2020-02-19-at-09.25.16-300x85.jpeg\" alt=\"\" class=\"wp-image-9613 lazyload\" src=\"data:image\/svg+xml;base64,PHN2ZyB3aWR0aD0iMSIgaGVpZ2h0PSIxIiB4bWxucz0iaHR0cDovL3d3dy53My5vcmcvMjAwMC9zdmciPjwvc3ZnPg==\" style=\"--smush-placeholder-width: 300px; --smush-placeholder-aspect-ratio: 300\/85;\" \/><\/a><\/figure><\/div>\n\n\n\n<p>A proposta segue os princ\u00edpios de sustentabilidade, equidade, inclus\u00e3o e contemporaneidade. O projeto atende ao padr\u00e3o do Fundo Nacional de Desenvolvimento da Educa\u00e7\u00e3o (FNDE), garantindo processos educativos contextualizados, promovendo o reconhecimento do direito de todos e todas de aprender e ter acesso a oportunidades educativas.<\/p>\n\n\n\n<p>O prefeito \u00c9den tem reiterado o compromisso e a parceria do deputado Wellington Roberto com o munic\u00edpio de Sum\u00e9. Recentemente, o parlamentar em parceria com a Prefeitura e o Governo do Estado viabilizaram recursos na ordem de 4 milh\u00f5es e 100 mil reais para a constru\u00e7\u00e3o de outra unidade escolar no munic\u00edpio.<\/p>\n\n\n\n<p>Ascom PMS<\/p>\n","protected":false},"excerpt":{"rendered":"<p>O prefeito \u00c9den Duarte e o secret\u00e1rio de administra\u00e7\u00e3o do munic\u00edpio, Bon\u00edlson Tim\u00f3teo, est\u00e3o em Bras\u00edlia participando de v\u00e1rias audi\u00eancias em busca de recursos para&hellip; <\/p>\n","protected":false},"author":2,"featured_media":154110,"comment_status":"closed","ping_status":"closed","sticky":false,"template":"","format":"standard","meta":{"sfsi_plus_gutenberg_text_before_share":"","sfsi_plus_gutenberg_show_text_before_share":"","sfsi_plus_gutenberg_icon_type":"","sfsi_plus_gutenberg_icon_alignemt":"","sfsi_plus_gutenburg_max_per_row":"","footnotes":""},"categories":[50,2],"tags":[],"class_list":["post-154109","post","type-post","status-publish","format-standard","has-post-thumbnail","hentry","category-destaque","category-geral"],"_links":{"self":[{"href":"https:\/\/www.caririemacao.com\/1\/wp-json\/wp\/v2\/posts\/154109","targetHints":{"allow":["GET"]}}],"collection":[{"href":"https:\/\/www.caririemacao.com\/1\/wp-json\/wp\/v2\/posts"}],"about":[{"href":"https:\/\/www.caririemacao.com\/1\/wp-json\/wp\/v2\/types\/post"}],"author":[{"embeddable":true,"href":"https:\/\/www.caririemacao.com\/1\/wp-json\/wp\/v2\/users\/2"}],"replies":[{"embeddable":true,"href":"https:\/\/www.caririemacao.com\/1\/wp-json\/wp\/v2\/comments?post=154109"}],"version-history":[{"count":1,"href":"https:\/\/www.caririemacao.com\/1\/wp-json\/wp\/v2\/posts\/154109\/revisions"}],"predecessor-version":[{"id":154111,"href":"https:\/\/www.caririemacao.com\/1\/wp-json\/wp\/v2\/posts\/154109\/revisions\/154111"}],"wp:featuredmedia":[{"embeddable":true,"href":"https:\/\/www.caririemacao.com\/1\/wp-json\/wp\/v2\/media\/154110"}],"wp:attachment":[{"href":"https:\/\/www.caririemacao.com\/1\/wp-json\/wp\/v2\/media?parent=154109"}],"wp:term":[{"taxonomy":"category","embeddable":true,"href":"https:\/\/www.caririemacao.com\/1\/wp-json\/wp\/v2\/categories?post=154109"},{"taxonomy":"post_tag","embeddable":true,"href":"https:\/\/www.caririemacao.com\/1\/wp-json\/wp\/v2\/tags?post=154109"}],"curies":[{"name":"wp","href":"https:\/\/api.w.org\/{rel}","templated":true}]}}