{"id":154119,"date":"2020-02-19T12:48:19","date_gmt":"2020-02-19T15:48:19","guid":{"rendered":"http:\/\/www.caririemacao.com\/1\/?p=154119"},"modified":"2020-02-19T12:48:21","modified_gmt":"2020-02-19T15:48:21","slug":"apos-decisao-do-stj-coriolano-gilberto-carneiro-e-arthur-viana-tambem-pedem-liberdade","status":"publish","type":"post","link":"https:\/\/www.caririemacao.com\/1\/2020\/02\/19\/apos-decisao-do-stj-coriolano-gilberto-carneiro-e-arthur-viana-tambem-pedem-liberdade\/","title":{"rendered":"Ap\u00f3s decis\u00e3o do STJ, Coriolano, Gilberto Carneiro e Arthur Viana tamb\u00e9m pedem liberdade"},"content":{"rendered":"\n<p>Ap\u00f3s o Superior Tribunal de Justi\u00e7a (STJ) decidir manter o ex-governador da Para\u00edba, Ricardo Coutinho, em liberdade, outros investigados pela Opera\u00e7\u00e3o Calv\u00e1rio tentam &#8216;pegar carona&#8217; na decis\u00e3o e sair da pris\u00e3o.<\/p>\n\n\n\n<p>As defesas do irm\u00e3o de Ricardo, Coriolano Coutinho, o ex-procurador-geral do Estado, Gilberto Carneiro, e o ex-secret\u00e1rio de Estado da Educa\u00e7\u00e3o, Jos\u00e9 Arthur Viana, pediram que a decis\u00e3o relativa ao habeas corpus do ex-governador seja estendida a eles, garantindo liberdade para todos.<\/p>\n\n\n\n<p>O sistema do STJ ainda n\u00e3o mostra nenhuma decis\u00e3o em rela\u00e7\u00e3o aos pedidos.<\/p>\n","protected":false},"excerpt":{"rendered":"<p>Ap\u00f3s o Superior Tribunal de Justi\u00e7a (STJ) decidir manter o ex-governador da Para\u00edba, Ricardo Coutinho, em liberdade, outros investigados pela Opera\u00e7\u00e3o Calv\u00e1rio tentam &#8216;pegar carona&#8217;&hellip; <\/p>\n","protected":false},"author":2,"featured_media":154120,"comment_status":"closed","ping_status":"closed","sticky":false,"template":"","format":"standard","meta":{"sfsi_plus_gutenberg_text_before_share":"","sfsi_plus_gutenberg_show_text_before_share":"","sfsi_plus_gutenberg_icon_type":"","sfsi_plus_gutenberg_icon_alignemt":"","sfsi_plus_gutenburg_max_per_row":"","footnotes":""},"categories":[2],"tags":[],"class_list":["post-154119","post","type-post","status-publish","format-standard","has-post-thumbnail","hentry","category-geral"],"_links":{"self":[{"href":"https:\/\/www.caririemacao.com\/1\/wp-json\/wp\/v2\/posts\/154119","targetHints":{"allow":["GET"]}}],"collection":[{"href":"https:\/\/www.caririemacao.com\/1\/wp-json\/wp\/v2\/posts"}],"about":[{"href":"https:\/\/www.caririemacao.com\/1\/wp-json\/wp\/v2\/types\/post"}],"author":[{"embeddable":true,"href":"https:\/\/www.caririemacao.com\/1\/wp-json\/wp\/v2\/users\/2"}],"replies":[{"embeddable":true,"href":"https:\/\/www.caririemacao.com\/1\/wp-json\/wp\/v2\/comments?post=154119"}],"version-history":[{"count":1,"href":"https:\/\/www.caririemacao.com\/1\/wp-json\/wp\/v2\/posts\/154119\/revisions"}],"predecessor-version":[{"id":154121,"href":"https:\/\/www.caririemacao.com\/1\/wp-json\/wp\/v2\/posts\/154119\/revisions\/154121"}],"wp:featuredmedia":[{"embeddable":true,"href":"https:\/\/www.caririemacao.com\/1\/wp-json\/wp\/v2\/media\/154120"}],"wp:attachment":[{"href":"https:\/\/www.caririemacao.com\/1\/wp-json\/wp\/v2\/media?parent=154119"}],"wp:term":[{"taxonomy":"category","embeddable":true,"href":"https:\/\/www.caririemacao.com\/1\/wp-json\/wp\/v2\/categories?post=154119"},{"taxonomy":"post_tag","embeddable":true,"href":"https:\/\/www.caririemacao.com\/1\/wp-json\/wp\/v2\/tags?post=154119"}],"curies":[{"name":"wp","href":"https:\/\/api.w.org\/{rel}","templated":true}]}}