{"id":154131,"date":"2020-02-19T13:05:06","date_gmt":"2020-02-19T16:05:06","guid":{"rendered":"http:\/\/www.caririemacao.com\/1\/?p=154131"},"modified":"2020-02-19T13:05:15","modified_gmt":"2020-02-19T16:05:15","slug":"bolsonaro-pode-sofrer-impeachment-por-xingar-reporter-diz-autor-de-acao-contra-dilma","status":"publish","type":"post","link":"https:\/\/www.caririemacao.com\/1\/2020\/02\/19\/bolsonaro-pode-sofrer-impeachment-por-xingar-reporter-diz-autor-de-acao-contra-dilma\/","title":{"rendered":"Bolsonaro pode sofrer impeachment por xingar rep\u00f3rter, diz autor de a\u00e7\u00e3o contra Dilma"},"content":{"rendered":"\n<p>O jurista&nbsp;Miguel Reale Jr&nbsp;afirmou que o presidente&nbsp;Jair Bolsonaro&nbsp;cometeu um crime de responsabilidade ao proferir uma ofensa de cunho sexual contra uma jornalista da&nbsp;<em>Folha de S.Paulo<\/em>&nbsp;nesta ter\u00e7a-feira, 18. Na opini\u00e3o de Reale Jr., a forma como Bolsonaro se referiu \u00e0 rep\u00f3rter Patr\u00edcia Campos Mello fere o decoro presidencial e permite que um processo de impeachment seja aberto contra ele.<\/p>\n\n\n\n<p>\u201cBolsonaro desrespeitou a jornalista, a mulher e o ser humano. \u00c9 algo que ofende mais profundamente a dignidade humana, e n\u00e3o s\u00f3 o decoro. Sem d\u00favida, isso se enquadra como crime de responsabilidade\u201d, afirmou. Reale Jr. foi um dos respons\u00e1veis pelos pedidos de impeachment contra os ex-presidentes Fernando Collor e Dilma Rousseff.<\/p>\n\n\n\n<p>O jurista disse que essa n\u00e3o foi a primeira vez que Bolsonaro se comportou em desacordo com o exerc\u00edcio da Presid\u00eancia. \u201cMas, agora, ele rompeu com todos os limites. De forma afrontosa, rompeu com o que se exige de qualquer pessoa, e n\u00e3o s\u00f3 de um Presidente da Rep\u00fablica. Foi asquerosa a men\u00e7\u00e3o chula que ele fez ao dizer que a jornalista quis dar o furo.\u201d<\/p>\n\n\n\n<p>A&nbsp;<em>Folha de S.Paulo<\/em>, em nota, disse que ao ofender a jornalista com uma insinua\u00e7\u00e3o sexual, Bolsonaro vilipendiou \u201ca dignidade, a honra e o decoro que a lei exige do exerc\u00edcio da Presid\u00eancia\u201d. O texto se refere \u00e0 lei de n\u00famero 1.079, que trata dos crimes contra a probidade na administra\u00e7\u00e3o cometidos por quem estiver no exerc\u00edcio da Presid\u00eancia da Rep\u00fablica.<\/p>\n","protected":false},"excerpt":{"rendered":"<p>O jurista&nbsp;Miguel Reale Jr&nbsp;afirmou que o presidente&nbsp;Jair Bolsonaro&nbsp;cometeu um crime de responsabilidade ao proferir uma ofensa de cunho sexual contra uma jornalista da&nbsp;Folha de S.Paulo&nbsp;nesta&hellip; <\/p>\n","protected":false},"author":2,"featured_media":151762,"comment_status":"closed","ping_status":"closed","sticky":false,"template":"","format":"standard","meta":{"sfsi_plus_gutenberg_text_before_share":"","sfsi_plus_gutenberg_show_text_before_share":"","sfsi_plus_gutenberg_icon_type":"","sfsi_plus_gutenberg_icon_alignemt":"","sfsi_plus_gutenburg_max_per_row":"","footnotes":""},"categories":[50,11],"tags":[],"class_list":["post-154131","post","type-post","status-publish","format-standard","has-post-thumbnail","hentry","category-destaque","category-politica"],"_links":{"self":[{"href":"https:\/\/www.caririemacao.com\/1\/wp-json\/wp\/v2\/posts\/154131","targetHints":{"allow":["GET"]}}],"collection":[{"href":"https:\/\/www.caririemacao.com\/1\/wp-json\/wp\/v2\/posts"}],"about":[{"href":"https:\/\/www.caririemacao.com\/1\/wp-json\/wp\/v2\/types\/post"}],"author":[{"embeddable":true,"href":"https:\/\/www.caririemacao.com\/1\/wp-json\/wp\/v2\/users\/2"}],"replies":[{"embeddable":true,"href":"https:\/\/www.caririemacao.com\/1\/wp-json\/wp\/v2\/comments?post=154131"}],"version-history":[{"count":1,"href":"https:\/\/www.caririemacao.com\/1\/wp-json\/wp\/v2\/posts\/154131\/revisions"}],"predecessor-version":[{"id":154132,"href":"https:\/\/www.caririemacao.com\/1\/wp-json\/wp\/v2\/posts\/154131\/revisions\/154132"}],"wp:featuredmedia":[{"embeddable":true,"href":"https:\/\/www.caririemacao.com\/1\/wp-json\/wp\/v2\/media\/151762"}],"wp:attachment":[{"href":"https:\/\/www.caririemacao.com\/1\/wp-json\/wp\/v2\/media?parent=154131"}],"wp:term":[{"taxonomy":"category","embeddable":true,"href":"https:\/\/www.caririemacao.com\/1\/wp-json\/wp\/v2\/categories?post=154131"},{"taxonomy":"post_tag","embeddable":true,"href":"https:\/\/www.caririemacao.com\/1\/wp-json\/wp\/v2\/tags?post=154131"}],"curies":[{"name":"wp","href":"https:\/\/api.w.org\/{rel}","templated":true}]}}