{"id":154135,"date":"2020-02-19T13:09:09","date_gmt":"2020-02-19T16:09:09","guid":{"rendered":"http:\/\/www.caririemacao.com\/1\/?p=154135"},"modified":"2020-02-19T13:09:12","modified_gmt":"2020-02-19T16:09:12","slug":"camara-de-vereadores-de-sume-realiza-primeira-reuniao-ordinaria-de-2020-e-aprova-projetos-importantes","status":"publish","type":"post","link":"https:\/\/www.caririemacao.com\/1\/2020\/02\/19\/camara-de-vereadores-de-sume-realiza-primeira-reuniao-ordinaria-de-2020-e-aprova-projetos-importantes\/","title":{"rendered":"C\u00e2mara de Vereadores de Sum\u00e9 realiza primeira reuni\u00e3o ordin\u00e1ria de 2020 e aprova projetos importantes"},"content":{"rendered":"\n<div class=\"wp-block-image\"><figure class=\"aligncenter\"><a href=\"http:\/\/noticiasemdestaque.com\/cd\/wp-content\/uploads\/2020\/02\/DSC_0712.jpg\"><img decoding=\"async\" data-src=\"http:\/\/noticiasemdestaque.com\/cd\/wp-content\/uploads\/2020\/02\/DSC_0712-1024x539.jpg\" alt=\"\" class=\"wp-image-23025 lazyload\" src=\"data:image\/svg+xml;base64,PHN2ZyB3aWR0aD0iMSIgaGVpZ2h0PSIxIiB4bWxucz0iaHR0cDovL3d3dy53My5vcmcvMjAwMC9zdmciPjwvc3ZnPg==\" style=\"--smush-placeholder-width: 1024px; --smush-placeholder-aspect-ratio: 1024\/539;\" \/><\/a><\/figure><\/div>\n\n\n\n<p>Aconteceu na noite desta ter\u00e7a-feira (18), a primeira reuni\u00e3o ordin\u00e1ria da C\u00e2mara de Vereadores de Sum\u00e9 em 2020.<\/p>\n\n\n\n<div class=\"wp-block-image\"><figure class=\"aligncenter\"><a href=\"http:\/\/noticiasemdestaque.com\/cd\/wp-content\/uploads\/2020\/02\/86493095_1704304349711098_2540804314742390784_o.jpg\"><img decoding=\"async\" data-src=\"http:\/\/noticiasemdestaque.com\/cd\/wp-content\/uploads\/2020\/02\/86493095_1704304349711098_2540804314742390784_o.jpg\" alt=\"\" class=\"wp-image-23027 lazyload\" src=\"data:image\/svg+xml;base64,PHN2ZyB3aWR0aD0iMSIgaGVpZ2h0PSIxIiB4bWxucz0iaHR0cDovL3d3dy53My5vcmcvMjAwMC9zdmciPjwvc3ZnPg==\" \/><\/a><\/figure><\/div>\n\n\n\n<p>Foi aprovado a indica\u00e7\u00e3o do vereador Nilson Brito que solicita ao Poder Executivo a isen\u00e7\u00e3o de cobran\u00e7a da taxa de ilumina\u00e7\u00e3o p\u00fablica de todos os po\u00e7os p\u00fablicos da zona rural. Foi aprovado ainda, a indica\u00e7\u00e3o do vereador Nilson Brito, que solicita a isen\u00e7\u00e3o da taxa de ilumina\u00e7\u00e3o p\u00fablica cobrada no Mercado P\u00fablico de Sum\u00e9.<\/p>\n\n\n\n<div class=\"wp-block-image\"><figure class=\"aligncenter\"><a href=\"http:\/\/noticiasemdestaque.com\/cd\/wp-content\/uploads\/2020\/02\/DSC_0699.jpg\"><img decoding=\"async\" data-src=\"http:\/\/noticiasemdestaque.com\/cd\/wp-content\/uploads\/2020\/02\/DSC_0699-1024x956.jpg\" alt=\"\" class=\"wp-image-23022 lazyload\" src=\"data:image\/svg+xml;base64,PHN2ZyB3aWR0aD0iMSIgaGVpZ2h0PSIxIiB4bWxucz0iaHR0cDovL3d3dy53My5vcmcvMjAwMC9zdmciPjwvc3ZnPg==\" style=\"--smush-placeholder-width: 1024px; --smush-placeholder-aspect-ratio: 1024\/956;\" \/><\/a><\/figure><\/div>\n\n\n\n<p>O vereador Jos\u00e9 Ant\u00f4nio apresentou voto de pesar a fam\u00edlia do senhor Sonielson Juvino da Silva. O vereador apresentou ainda, indica\u00e7\u00e3o ao prefeito \u00c9den Duarte, sobre a possibilidade da revis\u00e3o da quantidade de quilowatts na taxa de ilumina\u00e7\u00e3o p\u00fablica na zona rural.<\/p>\n\n\n\n<p>O vereador Jos\u00e9 Ant\u00f4nio apresentou o projeto de Lei n\u00ba 574\/2020, que denomina de Jos\u00e9 Barbosa Lera \u201cZ\u00e9 L\u00eala\u201d o logradouro p\u00fablico- Passagem Molhada, situada entre o s\u00edtio Chor\u00e3o e S\u00edtio Riacho de Cima.<\/p>\n\n\n\n<div class=\"wp-block-image\"><figure class=\"aligncenter\"><a href=\"http:\/\/noticiasemdestaque.com\/cd\/wp-content\/uploads\/2020\/02\/DSC_0704.jpg\"><img decoding=\"async\" data-src=\"http:\/\/noticiasemdestaque.com\/cd\/wp-content\/uploads\/2020\/02\/DSC_0704-1024x926.jpg\" alt=\"\" class=\"wp-image-23023 lazyload\" src=\"data:image\/svg+xml;base64,PHN2ZyB3aWR0aD0iMSIgaGVpZ2h0PSIxIiB4bWxucz0iaHR0cDovL3d3dy53My5vcmcvMjAwMC9zdmciPjwvc3ZnPg==\" style=\"--smush-placeholder-width: 1024px; --smush-placeholder-aspect-ratio: 1024\/926;\" \/><\/a><\/figure><\/div>\n\n\n\n<p>Foi aprovado a indica\u00e7\u00e3o do vereador Ant\u00f4nio Carlos que estabelece prioridade no atendimento em estabelecimentos p\u00fablicos e privados as pessoas com Transtorno do Espectro Autista- TEA.<\/p>\n\n\n\n<p>Foi aprovado a indica\u00e7\u00e3o do vereador Ant\u00f4nio Carlos que estabelece o agendamento telef\u00f4nico de consultados m\u00e9dicas para pacientes idosos e portadores defici\u00eancia, previamente cadastrados nas Unidades de Sa\u00fade do Munic\u00edpio de Sum\u00e9.<\/p>\n\n\n\n<div class=\"wp-block-image\"><figure class=\"aligncenter\"><a href=\"http:\/\/noticiasemdestaque.com\/cd\/wp-content\/uploads\/2020\/02\/DSC_0713.jpg\"><img decoding=\"async\" data-src=\"http:\/\/noticiasemdestaque.com\/cd\/wp-content\/uploads\/2020\/02\/DSC_0713-1024x535.jpg\" alt=\"\" class=\"wp-image-23028 lazyload\" src=\"data:image\/svg+xml;base64,PHN2ZyB3aWR0aD0iMSIgaGVpZ2h0PSIxIiB4bWxucz0iaHR0cDovL3d3dy53My5vcmcvMjAwMC9zdmciPjwvc3ZnPg==\" style=\"--smush-placeholder-width: 1024px; --smush-placeholder-aspect-ratio: 1024\/535;\" \/><\/a><\/figure><\/div>\n\n\n\n<p>Foi aprovado o projeto de lei n\u00ba 580 que amplia o programa pr\u00f3-receita para renegocia\u00e7\u00e3o de valores em atraso dos alugueis de im\u00f3veis do patrim\u00f4nio do munic\u00edpio sujeitos a contratos de loca\u00e7\u00e3o.<\/p>\n\n\n\n<p>Foi aprovado o projeto de lei 579\/2020 que fica acrescido em 10, o n\u00famero de cargos de auxiliar de desenvolvimento cognitivo infantil.<\/p>\n\n\n\n<p>Foi aprovado o projeto de lei 564 de autoria do Poder Executivo que denomina de Judite Ferreira de Oliveira a antiga Rua Projetada, perpendicular \u00e0 Av. Newton Leite Rafael- Centro de Sum\u00e9.<\/p>\n\n\n\n<p>Foi aprovado o projeto de lei 565\/2020 de autoria do Poder Executivo, que denomina de Rua Projetada, perpendicular com a Rua Manoel Francisco da Silva Neto, paralela \u00e0 Rua Santa Mendon\u00e7a, bairro de V\u00e1rzea Redonda.<\/p>\n\n\n\n<p>Foi encaminhado para as comiss\u00f5es o projeto de lei 577\/2020 de autoria do Poder Executivo que altera os padr\u00f5es de vencimentos do cargo de provimento efetivo de professor fundamental II em 5%, retroativo a 1\u00ba de fevereiro de 2020.<\/p>\n\n\n\n<p>Foi encaminhado as comiss\u00f5es o projeto de lei 578\/2020 de autoria do Poder Executivo que altera os padr\u00f5es de vencimento \u00fanico do cargo de provimento efetivo de professor do ensino fundamental I em 12,83 %, inclusive retroativo a 1\u00ba de janeiro de 2020.<\/p>\n\n\n\n<div class=\"wp-block-image\"><figure class=\"aligncenter\"><a href=\"http:\/\/noticiasemdestaque.com\/cd\/wp-content\/uploads\/2020\/02\/DSC_0716.jpg\"><img decoding=\"async\" data-src=\"http:\/\/noticiasemdestaque.com\/cd\/wp-content\/uploads\/2020\/02\/DSC_0716-1024x950.jpg\" alt=\"\" class=\"wp-image-23026 lazyload\" src=\"data:image\/svg+xml;base64,PHN2ZyB3aWR0aD0iMSIgaGVpZ2h0PSIxIiB4bWxucz0iaHR0cDovL3d3dy53My5vcmcvMjAwMC9zdmciPjwvc3ZnPg==\" style=\"--smush-placeholder-width: 1024px; --smush-placeholder-aspect-ratio: 1024\/950;\" \/><\/a><\/figure><\/div>\n\n\n\n<p>O vereador Jeffeson Menezes levantou a necessidade de implantar O Servi\u00e7o de Inspe\u00e7\u00e3o Municipal (S.I.M) que \u00e9 respons\u00e1vel pela inspe\u00e7\u00e3o e fiscaliza\u00e7\u00e3o da produ\u00e7\u00e3o industrial e sanit\u00e1ria dos produtos de origem animal, comest\u00edveis e n\u00e3o comest\u00edveis, possibilitando a comercializa\u00e7\u00e3o destes produtos com supermercados e demais empresas, aquecendo assim a economia local.<\/p>\n\n\n\n<div class=\"wp-block-image\"><figure class=\"aligncenter\"><a href=\"http:\/\/noticiasemdestaque.com\/cd\/wp-content\/uploads\/2020\/02\/DSC_0705.jpg\"><img decoding=\"async\" data-src=\"http:\/\/noticiasemdestaque.com\/cd\/wp-content\/uploads\/2020\/02\/DSC_0705-1024x830.jpg\" alt=\"\" class=\"wp-image-23024 lazyload\" src=\"data:image\/svg+xml;base64,PHN2ZyB3aWR0aD0iMSIgaGVpZ2h0PSIxIiB4bWxucz0iaHR0cDovL3d3dy53My5vcmcvMjAwMC9zdmciPjwvc3ZnPg==\" style=\"--smush-placeholder-width: 1024px; --smush-placeholder-aspect-ratio: 1024\/830;\" \/><\/a><\/figure><\/div>\n\n\n\n<p>Na oportunidade foi aprovado o t\u00edtulo de cidad\u00e3o sumeense de autoria do vereador Bomba, ao radialista Ant\u00f4nio Cardoso da R\u00e1dio 95 FM, em reconhecimento aos servi\u00e7os prestados ao munic\u00edpio.<\/p>\n\n\n\n<p>Ascom\/C\u00e2mara<\/p>\n","protected":false},"excerpt":{"rendered":"<p>Aconteceu na noite desta ter\u00e7a-feira (18), a primeira reuni\u00e3o ordin\u00e1ria da C\u00e2mara de Vereadores de Sum\u00e9 em 2020. Foi aprovado a indica\u00e7\u00e3o do vereador Nilson&hellip; <\/p>\n","protected":false},"author":2,"featured_media":154136,"comment_status":"closed","ping_status":"closed","sticky":false,"template":"","format":"standard","meta":{"sfsi_plus_gutenberg_text_before_share":"","sfsi_plus_gutenberg_show_text_before_share":"","sfsi_plus_gutenberg_icon_type":"","sfsi_plus_gutenberg_icon_alignemt":"","sfsi_plus_gutenburg_max_per_row":"","footnotes":""},"categories":[6],"tags":[],"class_list":["post-154135","post","type-post","status-publish","format-standard","has-post-thumbnail","hentry","category-cidades"],"_links":{"self":[{"href":"https:\/\/www.caririemacao.com\/1\/wp-json\/wp\/v2\/posts\/154135","targetHints":{"allow":["GET"]}}],"collection":[{"href":"https:\/\/www.caririemacao.com\/1\/wp-json\/wp\/v2\/posts"}],"about":[{"href":"https:\/\/www.caririemacao.com\/1\/wp-json\/wp\/v2\/types\/post"}],"author":[{"embeddable":true,"href":"https:\/\/www.caririemacao.com\/1\/wp-json\/wp\/v2\/users\/2"}],"replies":[{"embeddable":true,"href":"https:\/\/www.caririemacao.com\/1\/wp-json\/wp\/v2\/comments?post=154135"}],"version-history":[{"count":1,"href":"https:\/\/www.caririemacao.com\/1\/wp-json\/wp\/v2\/posts\/154135\/revisions"}],"predecessor-version":[{"id":154137,"href":"https:\/\/www.caririemacao.com\/1\/wp-json\/wp\/v2\/posts\/154135\/revisions\/154137"}],"wp:featuredmedia":[{"embeddable":true,"href":"https:\/\/www.caririemacao.com\/1\/wp-json\/wp\/v2\/media\/154136"}],"wp:attachment":[{"href":"https:\/\/www.caririemacao.com\/1\/wp-json\/wp\/v2\/media?parent=154135"}],"wp:term":[{"taxonomy":"category","embeddable":true,"href":"https:\/\/www.caririemacao.com\/1\/wp-json\/wp\/v2\/categories?post=154135"},{"taxonomy":"post_tag","embeddable":true,"href":"https:\/\/www.caririemacao.com\/1\/wp-json\/wp\/v2\/tags?post=154135"}],"curies":[{"name":"wp","href":"https:\/\/api.w.org\/{rel}","templated":true}]}}