{"id":154140,"date":"2020-02-19T13:11:59","date_gmt":"2020-02-19T16:11:59","guid":{"rendered":"http:\/\/www.caririemacao.com\/1\/?p=154140"},"modified":"2020-02-19T13:12:00","modified_gmt":"2020-02-19T16:12:00","slug":"policia-investiga-desaparecimento-de-mulher-gravida-de-seis-meses","status":"publish","type":"post","link":"https:\/\/www.caririemacao.com\/1\/2020\/02\/19\/policia-investiga-desaparecimento-de-mulher-gravida-de-seis-meses\/","title":{"rendered":"Pol\u00edcia investiga desaparecimento de mulher gr\u00e1vida de seis meses"},"content":{"rendered":"\n<p>A Pol\u00edcia Civil de Mata Redonda est\u00e1 investigando o desaparecimento de uma mulher gr\u00e1vida de seis meses, na mesma regi\u00e3o, desde a \u00faltima sexta-feira (14). Jana\u00edna Felinto, de 29 anos, foi vista por familiares pela \u00faltima vez antes das 20h e desde ent\u00e3o ningu\u00e9m recebeu not\u00edcias da mulher.<\/p>\n\n\n\n<p>A irm\u00e3 dela, Aline Felinto, conta que viu a irm\u00e3 pela \u00faltima vez na quinta-feira (13), mas o irm\u00e3o a deixou em casa, entre 19h30 e 19h45, quando saiu para trabalhar na sexta-feira. \u201cEla ficou sozinha em casa entre 19h30 e 19h45, foi a \u00faltima vez que ela foi vista. Quando ele estava indo para o trabalho, ele encontrou com minha m\u00e3e no caminho. Quando ela chegou em casa, ela (Jana\u00edna) j\u00e1 n\u00e3o estava mais l\u00e1\u201d, relata Aline.<\/p>\n\n\n\n<p>Conforme a delegada Iumara Bezerra, que investiga o caso, pessoas pr\u00f3ximas a Jana\u00edna est\u00e3o sendo ouvidas para que uma linha de investiga\u00e7\u00e3o seja criada sobre o desaparecimento dela. Ainda n\u00e3o h\u00e1 informa\u00e7\u00f5es sobre o que teria acontecido com ela.<\/p>\n\n\n\n<p>A irm\u00e3 de Jana\u00edna relata que ela vivia em um relacionamento abusivo, que j\u00e1 foi agredida, mas nunca prestou um boletim de ocorr\u00eancia. Com esse homem, ela tem um filho e est\u00e1 gr\u00e1vida dele, com seis meses de gesta\u00e7\u00e3o. A mulher ainda tem outros dois filhos.<\/p>\n\n\n\n<p>G1 PB<\/p>\n","protected":false},"excerpt":{"rendered":"<p>A Pol\u00edcia Civil de Mata Redonda est\u00e1 investigando o desaparecimento de uma mulher gr\u00e1vida de seis meses, na mesma regi\u00e3o, desde a \u00faltima sexta-feira (14).&hellip; <\/p>\n","protected":false},"author":2,"featured_media":154141,"comment_status":"closed","ping_status":"closed","sticky":false,"template":"","format":"standard","meta":{"sfsi_plus_gutenberg_text_before_share":"","sfsi_plus_gutenberg_show_text_before_share":"","sfsi_plus_gutenberg_icon_type":"","sfsi_plus_gutenberg_icon_alignemt":"","sfsi_plus_gutenburg_max_per_row":"","footnotes":""},"categories":[12],"tags":[],"class_list":["post-154140","post","type-post","status-publish","format-standard","has-post-thumbnail","hentry","category-policia"],"_links":{"self":[{"href":"https:\/\/www.caririemacao.com\/1\/wp-json\/wp\/v2\/posts\/154140","targetHints":{"allow":["GET"]}}],"collection":[{"href":"https:\/\/www.caririemacao.com\/1\/wp-json\/wp\/v2\/posts"}],"about":[{"href":"https:\/\/www.caririemacao.com\/1\/wp-json\/wp\/v2\/types\/post"}],"author":[{"embeddable":true,"href":"https:\/\/www.caririemacao.com\/1\/wp-json\/wp\/v2\/users\/2"}],"replies":[{"embeddable":true,"href":"https:\/\/www.caririemacao.com\/1\/wp-json\/wp\/v2\/comments?post=154140"}],"version-history":[{"count":1,"href":"https:\/\/www.caririemacao.com\/1\/wp-json\/wp\/v2\/posts\/154140\/revisions"}],"predecessor-version":[{"id":154142,"href":"https:\/\/www.caririemacao.com\/1\/wp-json\/wp\/v2\/posts\/154140\/revisions\/154142"}],"wp:featuredmedia":[{"embeddable":true,"href":"https:\/\/www.caririemacao.com\/1\/wp-json\/wp\/v2\/media\/154141"}],"wp:attachment":[{"href":"https:\/\/www.caririemacao.com\/1\/wp-json\/wp\/v2\/media?parent=154140"}],"wp:term":[{"taxonomy":"category","embeddable":true,"href":"https:\/\/www.caririemacao.com\/1\/wp-json\/wp\/v2\/categories?post=154140"},{"taxonomy":"post_tag","embeddable":true,"href":"https:\/\/www.caririemacao.com\/1\/wp-json\/wp\/v2\/tags?post=154140"}],"curies":[{"name":"wp","href":"https:\/\/api.w.org\/{rel}","templated":true}]}}