{"id":154147,"date":"2020-02-19T13:15:56","date_gmt":"2020-02-19T16:15:56","guid":{"rendered":"http:\/\/www.caririemacao.com\/1\/?p=154147"},"modified":"2020-02-19T13:15:57","modified_gmt":"2020-02-19T16:15:57","slug":"carnaval-de-sao-joao-do-tigre-promete-atrair-multidao","status":"publish","type":"post","link":"https:\/\/www.caririemacao.com\/1\/2020\/02\/19\/carnaval-de-sao-joao-do-tigre-promete-atrair-multidao\/","title":{"rendered":"Carnaval de S\u00e3o Jo\u00e3o do Tigre promete atrair multid\u00e3o"},"content":{"rendered":"\n<p>A cidade de S\u00e3o Jo\u00e3o do Tigre promove ano a ano uma grande festa de carnaval, que j\u00e1 \u00e9 considerada uma das maiores do interior do Estado da Para\u00edba. <\/p>\n\n\n\n<p>O evento ocorrer\u00e1 dos dias 23 a 25 de fevereiro e contar\u00e1 com programa\u00e7\u00e3o bem ecl\u00e9tica e atraente, prometendo bater nesta edi\u00e7\u00e3o o recorde de p\u00fablico.<\/p>\n\n\n\n<p><br>Para o prefeito C\u00e9lio Barbosa, S\u00e3o Jo\u00e3o do Tigre se tornou a maior refer\u00eancia regional no carnaval gra\u00e7as ao esfor\u00e7o conjunto de integrantes do Governo, que se desdobram para organizar toda a festa, gra\u00e7as ao planejamento administrativo da gest\u00e3o, que deu margem ao investimento no turismo local e gra\u00e7as \u00e0 popula\u00e7\u00e3o que sabe acolher os turistas e faz da nossa cidade um local agrad\u00e1vel para tigrenses e visitantes.<\/p>\n\n\n\n<p><br>De acordo com o Secret\u00e1rio M\u00e1rcio Leite, uma grande estrutura est\u00e1 sendo preparada para receber o grande p\u00fablico que marcar\u00e1 presen\u00e7a no evento. M\u00e1rcio ainda destacou que o equil\u00edbrio financeiro que vive o munic\u00edpio desde o in\u00edcio da gest\u00e3o Prefeito C\u00e9lio, permite a realiza\u00e7\u00e3o de um evento que possa agradar a todo p\u00fablico.\u00a0<\/p>\n\n\n\n<p><br><strong>Programa\u00e7\u00e3o do Carnaval 2020 de S\u00e3o Jo\u00e3o do Tigre<\/strong><\/p>\n\n\n\n<p><br><strong>23\/02 \u2013 Domingo<\/strong><br>Walkyria Santos<br>Bedeu Quirino<br><strong>24\/02 \u2013 Segunda<\/strong><br>Gian do Garotinho<br>Alisson Levado<br><strong>25\/03 \u2013 Ter\u00e7a-feira\u00a0<\/strong><br>Gil Bala<br>Dj Marc\u00edlio<br>Feiti\u00e7o El\u00e9trico<\/p>\n","protected":false},"excerpt":{"rendered":"<p>A cidade de S\u00e3o Jo\u00e3o do Tigre promove ano a ano uma grande festa de carnaval, que j\u00e1 \u00e9 considerada uma das maiores do interior&hellip; <\/p>\n","protected":false},"author":2,"featured_media":154148,"comment_status":"closed","ping_status":"closed","sticky":false,"template":"","format":"standard","meta":{"sfsi_plus_gutenberg_text_before_share":"","sfsi_plus_gutenberg_show_text_before_share":"","sfsi_plus_gutenberg_icon_type":"","sfsi_plus_gutenberg_icon_alignemt":"","sfsi_plus_gutenburg_max_per_row":"","footnotes":""},"categories":[6],"tags":[],"class_list":["post-154147","post","type-post","status-publish","format-standard","has-post-thumbnail","hentry","category-cidades"],"_links":{"self":[{"href":"https:\/\/www.caririemacao.com\/1\/wp-json\/wp\/v2\/posts\/154147","targetHints":{"allow":["GET"]}}],"collection":[{"href":"https:\/\/www.caririemacao.com\/1\/wp-json\/wp\/v2\/posts"}],"about":[{"href":"https:\/\/www.caririemacao.com\/1\/wp-json\/wp\/v2\/types\/post"}],"author":[{"embeddable":true,"href":"https:\/\/www.caririemacao.com\/1\/wp-json\/wp\/v2\/users\/2"}],"replies":[{"embeddable":true,"href":"https:\/\/www.caririemacao.com\/1\/wp-json\/wp\/v2\/comments?post=154147"}],"version-history":[{"count":1,"href":"https:\/\/www.caririemacao.com\/1\/wp-json\/wp\/v2\/posts\/154147\/revisions"}],"predecessor-version":[{"id":154149,"href":"https:\/\/www.caririemacao.com\/1\/wp-json\/wp\/v2\/posts\/154147\/revisions\/154149"}],"wp:featuredmedia":[{"embeddable":true,"href":"https:\/\/www.caririemacao.com\/1\/wp-json\/wp\/v2\/media\/154148"}],"wp:attachment":[{"href":"https:\/\/www.caririemacao.com\/1\/wp-json\/wp\/v2\/media?parent=154147"}],"wp:term":[{"taxonomy":"category","embeddable":true,"href":"https:\/\/www.caririemacao.com\/1\/wp-json\/wp\/v2\/categories?post=154147"},{"taxonomy":"post_tag","embeddable":true,"href":"https:\/\/www.caririemacao.com\/1\/wp-json\/wp\/v2\/tags?post=154147"}],"curies":[{"name":"wp","href":"https:\/\/api.w.org\/{rel}","templated":true}]}}