{"id":154161,"date":"2020-02-19T13:55:02","date_gmt":"2020-02-19T16:55:02","guid":{"rendered":"http:\/\/www.caririemacao.com\/1\/?p=154161"},"modified":"2020-02-19T13:55:04","modified_gmt":"2020-02-19T16:55:04","slug":"prefeitura-de-monteiro-divulga-expediente-para-o-periodo-carnavalesco","status":"publish","type":"post","link":"https:\/\/www.caririemacao.com\/1\/2020\/02\/19\/prefeitura-de-monteiro-divulga-expediente-para-o-periodo-carnavalesco\/","title":{"rendered":"Prefeitura de Monteiro divulga expediente para o per\u00edodo carnavalesco"},"content":{"rendered":"\n<p>A prefeita Anna Lorena assinou nesta quarta-feira, 19, um decreto a respeito do expediente do funcionalismo municipal, onde estabelece ponto facultativo nas reparti\u00e7\u00f5es municipais na segunda-feira, dia 24, e do feriado da ter\u00e7a-feira dia 25 em virtude dos festejos carnavalescos.<\/p>\n\n\n\n<p>O retorno das atividades nas reparti\u00e7\u00f5es municipais se dar\u00e3o na Quarta-feira de Cinzas, dia 26, com o expediente no per\u00edodo da tarde a partir do meio dia.<\/p>\n\n\n\n<p>O ponto facultativo e o feriado nas reparti\u00e7\u00f5es municipais permitem que os funcion\u00e1rios p\u00fablicos municipais possam participar das festividades carnavalescas de forma descontra\u00edda ao lado de amigos e familiares.<\/p>\n\n\n\n<p>O decreto n\u00e3o afeta os servi\u00e7os essenciais, a exemplo \u00a0da sa\u00fade, limpeza p\u00fablica, funer\u00e1rios, matadouro e outros prestados por servi\u00e7os em regime de plant\u00e3o ou rod\u00edzio.<\/p>\n\n\n\n<p>SECOM<\/p>\n","protected":false},"excerpt":{"rendered":"<p>A prefeita Anna Lorena assinou nesta quarta-feira, 19, um decreto a respeito do expediente do funcionalismo municipal, onde estabelece ponto facultativo nas reparti\u00e7\u00f5es municipais na&hellip; <\/p>\n","protected":false},"author":2,"featured_media":154162,"comment_status":"closed","ping_status":"closed","sticky":false,"template":"","format":"standard","meta":{"sfsi_plus_gutenberg_text_before_share":"","sfsi_plus_gutenberg_show_text_before_share":"","sfsi_plus_gutenberg_icon_type":"","sfsi_plus_gutenberg_icon_alignemt":"","sfsi_plus_gutenburg_max_per_row":"","footnotes":""},"categories":[2],"tags":[],"class_list":["post-154161","post","type-post","status-publish","format-standard","has-post-thumbnail","hentry","category-geral"],"_links":{"self":[{"href":"https:\/\/www.caririemacao.com\/1\/wp-json\/wp\/v2\/posts\/154161","targetHints":{"allow":["GET"]}}],"collection":[{"href":"https:\/\/www.caririemacao.com\/1\/wp-json\/wp\/v2\/posts"}],"about":[{"href":"https:\/\/www.caririemacao.com\/1\/wp-json\/wp\/v2\/types\/post"}],"author":[{"embeddable":true,"href":"https:\/\/www.caririemacao.com\/1\/wp-json\/wp\/v2\/users\/2"}],"replies":[{"embeddable":true,"href":"https:\/\/www.caririemacao.com\/1\/wp-json\/wp\/v2\/comments?post=154161"}],"version-history":[{"count":1,"href":"https:\/\/www.caririemacao.com\/1\/wp-json\/wp\/v2\/posts\/154161\/revisions"}],"predecessor-version":[{"id":154163,"href":"https:\/\/www.caririemacao.com\/1\/wp-json\/wp\/v2\/posts\/154161\/revisions\/154163"}],"wp:featuredmedia":[{"embeddable":true,"href":"https:\/\/www.caririemacao.com\/1\/wp-json\/wp\/v2\/media\/154162"}],"wp:attachment":[{"href":"https:\/\/www.caririemacao.com\/1\/wp-json\/wp\/v2\/media?parent=154161"}],"wp:term":[{"taxonomy":"category","embeddable":true,"href":"https:\/\/www.caririemacao.com\/1\/wp-json\/wp\/v2\/categories?post=154161"},{"taxonomy":"post_tag","embeddable":true,"href":"https:\/\/www.caririemacao.com\/1\/wp-json\/wp\/v2\/tags?post=154161"}],"curies":[{"name":"wp","href":"https:\/\/api.w.org\/{rel}","templated":true}]}}