{"id":154164,"date":"2020-02-19T13:58:35","date_gmt":"2020-02-19T16:58:35","guid":{"rendered":"http:\/\/www.caririemacao.com\/1\/?p=154164"},"modified":"2020-02-19T13:58:37","modified_gmt":"2020-02-19T16:58:37","slug":"ministro-general-bolsonaro-e-alvo-de-parlamentarismo-branco","status":"publish","type":"post","link":"https:\/\/www.caririemacao.com\/1\/2020\/02\/19\/ministro-general-bolsonaro-e-alvo-de-parlamentarismo-branco\/","title":{"rendered":"Ministro\/general: Bolsonaro \u00e9 alvo de \u201cparlamentarismo branco\u201d"},"content":{"rendered":"\n<p>A dificuldade em chegar a um acordo sobre a divis\u00e3o do dinheiro dentro do chamado Or\u00e7amento impositivo elevou a temperatura entre Pal\u00e1cio do Planalto e Congresso nesta ter\u00e7a-feira (18).<\/p>\n\n\n\n<p>Pessoas pr\u00f3ximas ao presidente Jair Bolsonaro chegaram a chamar de \u201cgolpe do parlamentarismo branco\u201d a insist\u00eancia dos congressistas em ficar com a gest\u00e3o de R$ 30 bilh\u00f5es do total de R$ 80 bilh\u00f5es do Or\u00e7amento que, pelas proje\u00e7\u00f5es, est\u00e1 livre para ser gasto em 2020.<\/p>\n\n\n\n<p>O governo ficaria sem controle de quase metade dos recursos dispon\u00edveis e tamb\u00e9m do cronograma de gastos dessa fatia.<\/p>\n\n\n\n<p>Ao perder a gest\u00e3o dessa parcela expressiva do Or\u00e7amento, haveria brecha para dois problemas: ser pressionado pelo Congresso a gastar quando n\u00e3o pode ou ser obrigado a negociar a libera\u00e7\u00e3o do dinheiro, o que politicamente deixaria o governo Bolsonaro ainda mais fr\u00e1gil diante do Legislativo.<\/p>\n\n\n\n<p>Est\u00e1 sendo rascunhada uma nova divis\u00e3o em que o Congresso ficaria com algo entre R$ 19 bilh\u00f5es e R$ 15 bilh\u00f5es para cobrir emendas dos parlamentares.<\/p>\n\n\n\n<p>Tamb\u00e9m esteve na pauta a necessidade de o governo enviar a reforma administrativa e de o Congresso agilizar a tramita\u00e7\u00e3o de suas propostas de reforma tribut\u00e1ria.<\/p>\n\n\n\n<p>Da parte do governo, os imbr\u00f3glios foram temas de um encontro no final da tarde desta ter\u00e7a (18).<\/p>\n\n\n\n<p>Entre os presentes estavam Bolsonaro, o ministro da Economia, Paulo Guedes, o general Augusto Heleno, da Seguran\u00e7a Institucional, e Luiz Carlos Ramos, da Secretaria de Governo.<\/p>\n\n\n\n<p>O mais nervoso com a situa\u00e7\u00e3o era o general Heleno, que considera inadmiss\u00edvel o que qualifica de chantagens do Legislativo para avan\u00e7ar sobre o dinheiro do Executivo:<\/p>\n\n\n\n<p>\u201cN\u00e3o podemos aceitar esses caras chantageando a gente. Foda-se.\u201d Heleno defendeu que o presidente deixasse claro \u00e0 popula\u00e7\u00e3o que est\u00e1 sofrendo uma press\u00e3o e \u201cn\u00e3o pode ficar acuado\u201d.<\/p>\n\n\n\n<p>A fala de Heleno foi captada em transmiss\u00e3o ao vivo da Presid\u00eancia da Rep\u00fablica em cerim\u00f4nia de hasteamento da bandeira no Pal\u00e1cio do Planalto na manh\u00e3 de ter\u00e7a.<\/p>\n\n\n\n<p>\u00c0 noite, uma reuni\u00e3o com representantes dos dois Poderes, na resid\u00eancia oficial do presidente do Senado, Davi Alcolumbre, tentou alinhar um acordo para a solu\u00e7\u00e3o das pend\u00eancias. Rodrigo Maia, presidente da C\u00e2mara, Ramos e Guedes estavam entre os presentes. Heleno n\u00e3o compareceu.<\/p>\n\n\n\n<p>Defini\u00e7\u00f5es, por\u00e9m, ficaram para depois do Carnaval.<\/p>\n\n\n\n<p>A Uni\u00e3o tem cerca de R$ 1,5 trilh\u00e3o destinado a atender programas p\u00fablicos, minist\u00e9rios, Previd\u00eancia, gastos com pessoal e investimentos, por exemplo.<\/p>\n\n\n\n<p>No entanto, 97% dos recursos est\u00e3o carimbados, ou seja, t\u00eam destino definido em lei e n\u00e3o podem ser remanejados livremente. Neste ano, a previs\u00e3o \u00e9 que estar\u00e3o dispon\u00edveis apenas R$ 80 bilh\u00f5es -e \u00e9 a divis\u00e3o dessa parca parcela que causa toda a disc\u00f3rdia.<\/p>\n","protected":false},"excerpt":{"rendered":"<p>A dificuldade em chegar a um acordo sobre a divis\u00e3o do dinheiro dentro do chamado Or\u00e7amento impositivo elevou a temperatura entre Pal\u00e1cio do Planalto e&hellip; <\/p>\n","protected":false},"author":2,"featured_media":154168,"comment_status":"closed","ping_status":"closed","sticky":false,"template":"","format":"standard","meta":{"sfsi_plus_gutenberg_text_before_share":"","sfsi_plus_gutenberg_show_text_before_share":"","sfsi_plus_gutenberg_icon_type":"","sfsi_plus_gutenberg_icon_alignemt":"","sfsi_plus_gutenburg_max_per_row":"","footnotes":""},"categories":[11],"tags":[],"class_list":["post-154164","post","type-post","status-publish","format-standard","has-post-thumbnail","hentry","category-politica"],"_links":{"self":[{"href":"https:\/\/www.caririemacao.com\/1\/wp-json\/wp\/v2\/posts\/154164","targetHints":{"allow":["GET"]}}],"collection":[{"href":"https:\/\/www.caririemacao.com\/1\/wp-json\/wp\/v2\/posts"}],"about":[{"href":"https:\/\/www.caririemacao.com\/1\/wp-json\/wp\/v2\/types\/post"}],"author":[{"embeddable":true,"href":"https:\/\/www.caririemacao.com\/1\/wp-json\/wp\/v2\/users\/2"}],"replies":[{"embeddable":true,"href":"https:\/\/www.caririemacao.com\/1\/wp-json\/wp\/v2\/comments?post=154164"}],"version-history":[{"count":1,"href":"https:\/\/www.caririemacao.com\/1\/wp-json\/wp\/v2\/posts\/154164\/revisions"}],"predecessor-version":[{"id":154169,"href":"https:\/\/www.caririemacao.com\/1\/wp-json\/wp\/v2\/posts\/154164\/revisions\/154169"}],"wp:featuredmedia":[{"embeddable":true,"href":"https:\/\/www.caririemacao.com\/1\/wp-json\/wp\/v2\/media\/154168"}],"wp:attachment":[{"href":"https:\/\/www.caririemacao.com\/1\/wp-json\/wp\/v2\/media?parent=154164"}],"wp:term":[{"taxonomy":"category","embeddable":true,"href":"https:\/\/www.caririemacao.com\/1\/wp-json\/wp\/v2\/categories?post=154164"},{"taxonomy":"post_tag","embeddable":true,"href":"https:\/\/www.caririemacao.com\/1\/wp-json\/wp\/v2\/tags?post=154164"}],"curies":[{"name":"wp","href":"https:\/\/api.w.org\/{rel}","templated":true}]}}