{"id":154165,"date":"2020-02-19T13:58:08","date_gmt":"2020-02-19T16:58:08","guid":{"rendered":"http:\/\/www.caririemacao.com\/1\/?p=154165"},"modified":"2020-02-19T14:01:00","modified_gmt":"2020-02-19T17:01:00","slug":"camara-de-sume-realiza-1a-reuniao-de-2020-e-aprova-projetos-importantes","status":"publish","type":"post","link":"https:\/\/www.caririemacao.com\/1\/2020\/02\/19\/camara-de-sume-realiza-1a-reuniao-de-2020-e-aprova-projetos-importantes\/","title":{"rendered":"C\u00e2mara de Sum\u00e9 realiza 1\u00aa reuni\u00e3o de 2020 e aprova projetos importantes"},"content":{"rendered":"\n<p>A C\u00e2mara de Sum\u00e9 realizou na noite desta ter\u00e7a-feira, dia 18, a primeira reuni\u00e3o ordin\u00e1ria de 2020 sob a presid\u00eancia do vereador Le\u00f4nidas Albino (Bomba).<\/p>\n\n\n\n<figure class=\"wp-block-image\"><img decoding=\"async\" data-src=\"https:\/\/scontent.fcpv6-1.fna.fbcdn.net\/v\/t1.0-9\/s960x960\/86802870_1704302543044612_5170450633592930304_o.jpg?_nc_cat=100&amp;_nc_ohc=V4_g-HSnsnsAX_LYbOa&amp;_nc_ht=scontent.fcpv6-1.fna&amp;_nc_tp=7&amp;oh=e0b8755db4c1bf848378d09f898b2a75&amp;oe=5EB8CAAD\" alt=\"A imagem pode conter: 1 pessoa\" src=\"data:image\/svg+xml;base64,PHN2ZyB3aWR0aD0iMSIgaGVpZ2h0PSIxIiB4bWxucz0iaHR0cDovL3d3dy53My5vcmcvMjAwMC9zdmciPjwvc3ZnPg==\" class=\"lazyload\" \/><\/figure>\n\n\n\n<p>Na oportunidade foi aprovado o t\u00edtulo de cidad\u00e3o sumeense de autoria do vereador Bomba, ao radialista Ant\u00f4nio Cardoso da R\u00e1dio 95 FM, em reconhecimento aos servi\u00e7os prestados ao munic\u00edpio.<\/p>\n\n\n\n<figure class=\"wp-block-image\"><img decoding=\"async\" data-src=\"https:\/\/scontent.fcpv6-1.fna.fbcdn.net\/v\/t1.0-9\/s960x960\/86418762_1704309246377275_4661677243024539648_o.jpg?_nc_cat=106&amp;_nc_ohc=ahOp9VznMsEAX9XmQ9c&amp;_nc_ht=scontent.fcpv6-1.fna&amp;_nc_tp=7&amp;oh=f5cba5a02c8ef0a59658f1700d24ae35&amp;oe=5EC54A98\" alt=\"A imagem pode conter: 1 pessoa, sentado e \u00f3culos\" src=\"data:image\/svg+xml;base64,PHN2ZyB3aWR0aD0iMSIgaGVpZ2h0PSIxIiB4bWxucz0iaHR0cDovL3d3dy53My5vcmcvMjAwMC9zdmciPjwvc3ZnPg==\" class=\"lazyload\" \/><\/figure>\n\n\n\n<p>O vereador Jeffeson Menezes levantou a necessidade de implantar no munic\u00edpio o Servi\u00e7o de Inspe\u00e7\u00e3o Municipal (S.I.M) que \u00e9 respons\u00e1vel pela inspe\u00e7\u00e3o e fiscaliza\u00e7\u00e3o da produ\u00e7\u00e3o industrial e sanit\u00e1ria dos produtos de origem animal, comest\u00edveis e n\u00e3o comest\u00edveis, possibilitando a comercializa\u00e7\u00e3o destes produtos com supermercados e demais empresas, aquecendo assim a economia local.<\/p>\n\n\n\n<figure class=\"wp-block-image\"><img decoding=\"async\" data-src=\"https:\/\/scontent.fcpv6-1.fna.fbcdn.net\/v\/t1.0-9\/s960x960\/86399235_1704307113044155_3371664376648957952_o.jpg?_nc_cat=110&amp;_nc_ohc=yDp2vgqr8wcAX9x7z3H&amp;_nc_ht=scontent.fcpv6-1.fna&amp;_nc_tp=7&amp;oh=41dd43bffc6eb3114f1a619c849da530&amp;oe=5EC29F67\" alt=\"A imagem pode conter: 1 pessoa, terno\" src=\"data:image\/svg+xml;base64,PHN2ZyB3aWR0aD0iMSIgaGVpZ2h0PSIxIiB4bWxucz0iaHR0cDovL3d3dy53My5vcmcvMjAwMC9zdmciPjwvc3ZnPg==\" class=\"lazyload\" \/><\/figure>\n\n\n\n<p>Foi aprovado a indica\u00e7\u00e3o do vereador\u00a0Ant\u00f4nio Carlos Sarmento\u00a0que estabelece prioridade no atendimento em estabelecimentos p\u00fablicos e privados as pessoas com Transtorno do Espectro Autista- TEA. Foi aprovado tamb\u00e9m a indica\u00e7\u00e3o do vereador Ant\u00f4nio Carlos que estabelece o agendamento telef\u00f4nico de consultados m\u00e9dicas para pacientes idosos e portadores defici\u00eancia, previamente cadastrados nas Unidades de Sa\u00fade do Munic\u00edpio de Sum\u00e9.<\/p>\n\n\n\n<figure class=\"wp-block-image\"><img decoding=\"async\" data-src=\"https:\/\/scontent.fcpv6-1.fna.fbcdn.net\/v\/t1.0-9\/s960x960\/86458501_1704306083044258_746556498200494080_o.jpg?_nc_cat=103&amp;_nc_ohc=aIWPLskZ8-4AX-Ggrkh&amp;_nc_ht=scontent.fcpv6-1.fna&amp;_nc_tp=7&amp;oh=7a78b5f9c97ff5b08967bebaee816fc5&amp;oe=5EFC1CB4\" alt=\"A imagem pode conter: 1 pessoa, em p\u00e9\" src=\"data:image\/svg+xml;base64,PHN2ZyB3aWR0aD0iMSIgaGVpZ2h0PSIxIiB4bWxucz0iaHR0cDovL3d3dy53My5vcmcvMjAwMC9zdmciPjwvc3ZnPg==\" class=\"lazyload\" \/><\/figure>\n\n\n\n<p>O vereador&nbsp;Ver. Jos\u00e9 Ant\u00f4nio&nbsp;apresentou voto de\npesar a fam\u00edlia do senhor Sonielson Juvino da Silva. O vereador apresentou\nainda, indica\u00e7\u00e3o ao prefeito \u00c9den Duarte, sobre a possibilidade da revis\u00e3o da\nquantidade de quilowatts na taxa de ilumina\u00e7\u00e3o p\u00fablica na zona rural.<\/p>\n\n\n\n<p>O vereador Jos\u00e9 Ant\u00f4nio apresentou o projeto de Lei n\u00ba 574\/2020, que denomina de Jos\u00e9 Barbosa Lera \u201cZ\u00e9 L\u00eala\u201d\u00a0o logradouro p\u00fablico- Passagem Molhada, situada entre o s\u00edtio Chor\u00e3o e S\u00edtio Riacho de Cima.<\/p>\n\n\n\n<figure class=\"wp-block-image\"><img decoding=\"async\" data-src=\"https:\/\/scontent.fcpv6-1.fna.fbcdn.net\/v\/t1.0-9\/s960x960\/86493095_1704304349711098_2540804314742390784_o.jpg?_nc_cat=105&amp;_nc_ohc=491oxvYqIQAAX-WrVjQ&amp;_nc_ht=scontent.fcpv6-1.fna&amp;_nc_tp=7&amp;oh=8a99dad9f8c10b667c92fea73991c8f8&amp;oe=5EBE0881\" alt=\"A imagem pode conter: 1 pessoa\" src=\"data:image\/svg+xml;base64,PHN2ZyB3aWR0aD0iMSIgaGVpZ2h0PSIxIiB4bWxucz0iaHR0cDovL3d3dy53My5vcmcvMjAwMC9zdmciPjwvc3ZnPg==\" class=\"lazyload\" \/><\/figure>\n\n\n\n<p>Foi aprovado a indica\u00e7\u00e3o do vereador Nilson Brito que\nsolicita ao Poder Executivo a isen\u00e7\u00e3o de cobran\u00e7a da taxa de ilumina\u00e7\u00e3o p\u00fablica\nde todos os po\u00e7os p\u00fablicos da zona rural. Foi aprovado ainda, a indica\u00e7\u00e3o do\nvereador Nilson Brito, que solicita a isen\u00e7\u00e3o da taxa de ilumina\u00e7\u00e3o p\u00fablica\ncobrada no Mercado P\u00fablico de Sum\u00e9.<\/p>\n\n\n\n<p>A C\u00e2mara de Vereadores de Sum\u00e9 tamb\u00e9m aprovou alguns\nprojetos, como o Projeto de lei n\u00ba 580 que amplia o programa pr\u00f3-receita para\nrenegocia\u00e7\u00e3o de valores em atraso dos alugueis de im\u00f3veis do patrim\u00f4nio do\nmunic\u00edpio sujeitos a contratos de loca\u00e7\u00e3o. <\/p>\n\n\n\n<p>Durante a reuni\u00e3o, os vereadores aprovaram ainda, o projeto\nde lei 579\/2020 que fica acrescido em 10, o n\u00famero de cargos de auxiliar de\ndesenvolvimento cognitivo infantil. E tamb\u00e9m, o projeto de lei 564 de autoria\ndo Poder Executivo que denomina de Judite Ferreira de Oliveira a antiga Rua\nProjetada, perpendicular \u00e0 Av. Newton Leite Rafael- Centro de Sum\u00e9. <\/p>\n\n\n\n<p>Outro projeto aprovado nesta mesma sess\u00e3o foi o projeto de\nlei 565\/2020 de autoria do Poder Executivo, que denomina de Rua Projetada,\nperpendicular com a Rua Manoel Francisco da Silva Neto, paralela \u00e0 Rua Santa\nMendon\u00e7a, bairro de V\u00e1rzea Redonda.<\/p>\n\n\n\n<p>Foram ainda encaminhados os seguintes projetos para as\ncomiss\u00f5es: o projeto de lei 577\/2020 de autoria do Poder Executivo que altera\nos padr\u00f5es de vencimentos do cargo de provimento efetivo de professor\nfundamental II em 5%, retroativo a 1\u00ba de fevereiro de 2020. E o projeto de lei\n578\/2020 de autoria do Poder Executivo que altera os padr\u00f5es de vencimento\n\u00fanico do cargo de provimento efetivo de professor do ensino fundamental I em\n12,83 %, inclusive retroativo a 1\u00ba de janeiro de 2020. <\/p>\n\n\n\n<p>Informa\u00e7\u00f5es:C\u00e2mara de vereadores<\/p>\n","protected":false},"excerpt":{"rendered":"<p>A C\u00e2mara de Sum\u00e9 realizou na noite desta ter\u00e7a-feira, dia 18, a primeira reuni\u00e3o ordin\u00e1ria de 2020 sob a presid\u00eancia do vereador Le\u00f4nidas Albino (Bomba).&hellip; <\/p>\n","protected":false},"author":1,"featured_media":154166,"comment_status":"closed","ping_status":"closed","sticky":false,"template":"","format":"standard","meta":{"sfsi_plus_gutenberg_text_before_share":"","sfsi_plus_gutenberg_show_text_before_share":"","sfsi_plus_gutenberg_icon_type":"","sfsi_plus_gutenberg_icon_alignemt":"","sfsi_plus_gutenburg_max_per_row":"","footnotes":""},"categories":[6,50],"tags":[],"class_list":["post-154165","post","type-post","status-publish","format-standard","has-post-thumbnail","hentry","category-cidades","category-destaque"],"_links":{"self":[{"href":"https:\/\/www.caririemacao.com\/1\/wp-json\/wp\/v2\/posts\/154165","targetHints":{"allow":["GET"]}}],"collection":[{"href":"https:\/\/www.caririemacao.com\/1\/wp-json\/wp\/v2\/posts"}],"about":[{"href":"https:\/\/www.caririemacao.com\/1\/wp-json\/wp\/v2\/types\/post"}],"author":[{"embeddable":true,"href":"https:\/\/www.caririemacao.com\/1\/wp-json\/wp\/v2\/users\/1"}],"replies":[{"embeddable":true,"href":"https:\/\/www.caririemacao.com\/1\/wp-json\/wp\/v2\/comments?post=154165"}],"version-history":[{"count":3,"href":"https:\/\/www.caririemacao.com\/1\/wp-json\/wp\/v2\/posts\/154165\/revisions"}],"predecessor-version":[{"id":154173,"href":"https:\/\/www.caririemacao.com\/1\/wp-json\/wp\/v2\/posts\/154165\/revisions\/154173"}],"wp:featuredmedia":[{"embeddable":true,"href":"https:\/\/www.caririemacao.com\/1\/wp-json\/wp\/v2\/media\/154166"}],"wp:attachment":[{"href":"https:\/\/www.caririemacao.com\/1\/wp-json\/wp\/v2\/media?parent=154165"}],"wp:term":[{"taxonomy":"category","embeddable":true,"href":"https:\/\/www.caririemacao.com\/1\/wp-json\/wp\/v2\/categories?post=154165"},{"taxonomy":"post_tag","embeddable":true,"href":"https:\/\/www.caririemacao.com\/1\/wp-json\/wp\/v2\/tags?post=154165"}],"curies":[{"name":"wp","href":"https:\/\/api.w.org\/{rel}","templated":true}]}}