{"id":154184,"date":"2020-02-19T14:32:13","date_gmt":"2020-02-19T17:32:13","guid":{"rendered":"http:\/\/www.caririemacao.com\/1\/?p=154184"},"modified":"2020-02-19T14:32:15","modified_gmt":"2020-02-19T17:32:15","slug":"vasco-joga-na-bolivia-classificacao-da-sul-americana","status":"publish","type":"post","link":"https:\/\/www.caririemacao.com\/1\/2020\/02\/19\/vasco-joga-na-bolivia-classificacao-da-sul-americana\/","title":{"rendered":"Vasco joga na Bol\u00edvia classifica\u00e7\u00e3o da Sul-Americana"},"content":{"rendered":"\n<p>O Vasco est\u00e1 na Bol\u00edvia, mas n\u00e3o joga contra a altitude, j\u00e1 que a cidade de Santa Cruz de la Sierra fica apenas a 400 metros acima do n\u00edvel do mar. O \u00fanico advers\u00e1rio dos brasileiros, nesta&nbsp;quarta-feira (19), \u00e0s 21h30, pela Copa Sul-Americana \u00e9 o Oriente Petrolero.<\/p>\n\n\n\n<p>Como venceu a primeira partida em S\u00e3o Janu\u00e1rio, por 1 a 0, os vasca\u00ednos avan\u00e7am de fase com qualquer empate \u201cA gente sabe que vai enfrentar um advers\u00e1rio muito forte jogando aqui. Tem que entrar para vencer j\u00e1 nos 90 minutos, depois sim pensar no resultado que fizemos em S\u00e3o Janu\u00e1rio\u201d, analisou Yago Pikachu.<\/p>\n\n\n\n<p>Com 40 gols e prestes a completar 212 jogos com a camisa vasca\u00edna, o lateral-direito avaliou a atual temporada do Gigante da Colina. \u201cN\u00e3o classificamos no primeiro turno da Ta\u00e7a Guanabara, mas a gente avan\u00e7ou na Copa do Brasil. Agora temos mais um confronto direto nessa eliminat\u00f3ria. Deixamos claro que conquistar a Sul-Americana \u00e9 um dos nossos principais objetivos. Para conquist\u00e1-la, temos que passar por cima do Oriente\u201d, acredita Pikachu<\/p>\n\n\n\n<p>O prov\u00e1vel Vasco no est\u00e1dio Ram\u00f3n Aguilera Costas escalado por Abel Braga \u00e9:&nbsp;Fernando Miguel; Yago Pikachu, Werley, Leandro Castan e Henrique; Andrey, Raul e Marcos J\u00fanior; Marrony, Talles Magno e Germ\u00e1n Cano.<\/p>\n","protected":false},"excerpt":{"rendered":"<p>O Vasco est\u00e1 na Bol\u00edvia, mas n\u00e3o joga contra a altitude, j\u00e1 que a cidade de Santa Cruz de la Sierra fica apenas a 400&hellip; <\/p>\n","protected":false},"author":2,"featured_media":144720,"comment_status":"closed","ping_status":"closed","sticky":false,"template":"","format":"standard","meta":{"sfsi_plus_gutenberg_text_before_share":"","sfsi_plus_gutenberg_show_text_before_share":"","sfsi_plus_gutenberg_icon_type":"","sfsi_plus_gutenberg_icon_alignemt":"","sfsi_plus_gutenburg_max_per_row":"","footnotes":""},"categories":[13],"tags":[],"class_list":["post-154184","post","type-post","status-publish","format-standard","has-post-thumbnail","hentry","category-esportes"],"_links":{"self":[{"href":"https:\/\/www.caririemacao.com\/1\/wp-json\/wp\/v2\/posts\/154184","targetHints":{"allow":["GET"]}}],"collection":[{"href":"https:\/\/www.caririemacao.com\/1\/wp-json\/wp\/v2\/posts"}],"about":[{"href":"https:\/\/www.caririemacao.com\/1\/wp-json\/wp\/v2\/types\/post"}],"author":[{"embeddable":true,"href":"https:\/\/www.caririemacao.com\/1\/wp-json\/wp\/v2\/users\/2"}],"replies":[{"embeddable":true,"href":"https:\/\/www.caririemacao.com\/1\/wp-json\/wp\/v2\/comments?post=154184"}],"version-history":[{"count":1,"href":"https:\/\/www.caririemacao.com\/1\/wp-json\/wp\/v2\/posts\/154184\/revisions"}],"predecessor-version":[{"id":154185,"href":"https:\/\/www.caririemacao.com\/1\/wp-json\/wp\/v2\/posts\/154184\/revisions\/154185"}],"wp:featuredmedia":[{"embeddable":true,"href":"https:\/\/www.caririemacao.com\/1\/wp-json\/wp\/v2\/media\/144720"}],"wp:attachment":[{"href":"https:\/\/www.caririemacao.com\/1\/wp-json\/wp\/v2\/media?parent=154184"}],"wp:term":[{"taxonomy":"category","embeddable":true,"href":"https:\/\/www.caririemacao.com\/1\/wp-json\/wp\/v2\/categories?post=154184"},{"taxonomy":"post_tag","embeddable":true,"href":"https:\/\/www.caririemacao.com\/1\/wp-json\/wp\/v2\/tags?post=154184"}],"curies":[{"name":"wp","href":"https:\/\/api.w.org\/{rel}","templated":true}]}}