{"id":154192,"date":"2020-02-19T20:09:52","date_gmt":"2020-02-19T23:09:52","guid":{"rendered":"http:\/\/www.caririemacao.com\/1\/?p=154192"},"modified":"2020-02-19T20:09:54","modified_gmt":"2020-02-19T23:09:54","slug":"cid-gomes-e-baleado-em-conflito-com-manifestantes-em-sobral-ce","status":"publish","type":"post","link":"https:\/\/www.caririemacao.com\/1\/2020\/02\/19\/cid-gomes-e-baleado-em-conflito-com-manifestantes-em-sobral-ce\/","title":{"rendered":"Cid Gomes \u00e9 baleado em conflito com manifestantes em Sobral-CE"},"content":{"rendered":"\n<p>O senador licenciado e ex-governador do Cear\u00e1,&nbsp;<strong>Cid Gomes<\/strong>&nbsp;(PDT), de 56 anos, foi atingido por um disparo na cidade de Sobral (CE) na tarde desta quarta-feira (19)<\/p>\n\n\n\n<p>Antes de ser atingido, o senador ainda levou um soco no rosto durante o tumulto. <\/p>\n\n\n\n<p>Ainda de acordo com a publica\u00e7\u00e3o, momentos antes, o senador fez um discurso com criticas ao movimento de paralisa\u00e7\u00f5es deflagrado nas Ultimas horas pela Policia Militar do estado. <\/p>\n\n\n\n<p>&#8220;Eu vim aqui defender a paz e a tranquilidade do povo de Sobral. Ningu\u00e9m ser\u00e1 chantageado, ningu\u00e9m deixar\u00e1 de trabalhar, de abrir suas portas e caminhar com tranquilidade em Sobral&#8221;, disse Cid Gomes. <\/p>\n","protected":false},"excerpt":{"rendered":"<p>O senador licenciado e ex-governador do Cear\u00e1,&nbsp;Cid Gomes&nbsp;(PDT), de 56 anos, foi atingido por um disparo na cidade de Sobral (CE) na tarde desta quarta-feira&hellip; <\/p>\n","protected":false},"author":1,"featured_media":154198,"comment_status":"closed","ping_status":"closed","sticky":false,"template":"","format":"standard","meta":{"sfsi_plus_gutenberg_text_before_share":"","sfsi_plus_gutenberg_show_text_before_share":"","sfsi_plus_gutenberg_icon_type":"","sfsi_plus_gutenberg_icon_alignemt":"","sfsi_plus_gutenburg_max_per_row":"","footnotes":""},"categories":[50,11],"tags":[],"class_list":["post-154192","post","type-post","status-publish","format-standard","has-post-thumbnail","hentry","category-destaque","category-politica"],"_links":{"self":[{"href":"https:\/\/www.caririemacao.com\/1\/wp-json\/wp\/v2\/posts\/154192","targetHints":{"allow":["GET"]}}],"collection":[{"href":"https:\/\/www.caririemacao.com\/1\/wp-json\/wp\/v2\/posts"}],"about":[{"href":"https:\/\/www.caririemacao.com\/1\/wp-json\/wp\/v2\/types\/post"}],"author":[{"embeddable":true,"href":"https:\/\/www.caririemacao.com\/1\/wp-json\/wp\/v2\/users\/1"}],"replies":[{"embeddable":true,"href":"https:\/\/www.caririemacao.com\/1\/wp-json\/wp\/v2\/comments?post=154192"}],"version-history":[{"count":1,"href":"https:\/\/www.caririemacao.com\/1\/wp-json\/wp\/v2\/posts\/154192\/revisions"}],"predecessor-version":[{"id":154199,"href":"https:\/\/www.caririemacao.com\/1\/wp-json\/wp\/v2\/posts\/154192\/revisions\/154199"}],"wp:featuredmedia":[{"embeddable":true,"href":"https:\/\/www.caririemacao.com\/1\/wp-json\/wp\/v2\/media\/154198"}],"wp:attachment":[{"href":"https:\/\/www.caririemacao.com\/1\/wp-json\/wp\/v2\/media?parent=154192"}],"wp:term":[{"taxonomy":"category","embeddable":true,"href":"https:\/\/www.caririemacao.com\/1\/wp-json\/wp\/v2\/categories?post=154192"},{"taxonomy":"post_tag","embeddable":true,"href":"https:\/\/www.caririemacao.com\/1\/wp-json\/wp\/v2\/tags?post=154192"}],"curies":[{"name":"wp","href":"https:\/\/api.w.org\/{rel}","templated":true}]}}