{"id":154204,"date":"2020-02-20T06:45:22","date_gmt":"2020-02-20T09:45:22","guid":{"rendered":"http:\/\/www.caririemacao.com\/1\/?p=154204"},"modified":"2020-02-20T06:45:24","modified_gmt":"2020-02-20T09:45:24","slug":"vitoria-da-democracia-diz-presidente-estadual-do-pt-sobre-liberdade-de-rc","status":"publish","type":"post","link":"https:\/\/www.caririemacao.com\/1\/2020\/02\/20\/vitoria-da-democracia-diz-presidente-estadual-do-pt-sobre-liberdade-de-rc\/","title":{"rendered":"\u201cVit\u00f3ria da democracia\u201d, diz presidente estadual do PT sobre liberdade de RC"},"content":{"rendered":"\n<p>Em entrevista para uma emissora de r\u00e1dio de Jo\u00e3o Pessoa, o presidente do diret\u00f3rio estadual do PT, Jackson Mac\u00eado, considerou que a manuten\u00e7\u00e3o da liberdade do ex-governador Ricardo Coutinho pelo Supremo Tribunal de Justi\u00e7a foi uma vit\u00f3ria da democracia.<\/p>\n\n\n\n<p>\u2013 Isso com certeza \u00e9 uma vit\u00f3ria, n\u00e3o s\u00f3 de Ricardo e dos companheiros que tamb\u00e9m receberam habeas corpus, mas tamb\u00e9m \u00e9 uma vit\u00f3ria da democracia, porque n\u00f3s queremos que as institui\u00e7\u00f5es e as leis realmente sejam cumpridas \u2013 declarou.<\/p>\n\n\n\n<p>Na opini\u00e3o dele, a decis\u00e3o foi importante para colocar ordem na casa.<\/p>\n\n\n\n<p>\u2013 \u00c9 uma decis\u00e3o importante, \u00e9 uma decis\u00e3o que vem colocar ordem na casa. Essas pris\u00f5es preventivas estavam sendo usadas a toque de caixa de forma muito parecida com o modus operandi usado na Opera\u00e7\u00e3o Lava Jato \u2013 disse.<\/p>\n\n\n\n<p>\u2013 Isso vem sendo usado tamb\u00e9m em outros estados e, infelizmente, a Para\u00edba com a Opera\u00e7\u00e3o Calv\u00e1rio come\u00e7a com este tipo de pr\u00e1tica \u2013 acrescentou.<\/p>\n\n\n\n<p>Jackson Mac\u00eado avalia que a decis\u00e3o estabelece a normalidade do ponto de vista jur\u00eddico, al\u00e9m de garantir o amplo direito de defesa. \u201cAs pessoas n\u00e3o podem ser condenadas de forma antecipada\u201d, acredita.<\/p>\n\n\n\n<p>Por fim, o presidente comentou que n\u00e3o havia mais a necessidade de manter as pessoas presas porque al\u00e9m de possu\u00edrem resid\u00eancia fixa e trabalho, elas n\u00e3o possuem mais qualquer participa\u00e7\u00e3o no governo estadual, tendo inclusive havido um rompimento pol\u00edtico.<\/p>\n","protected":false},"excerpt":{"rendered":"<p>Em entrevista para uma emissora de r\u00e1dio de Jo\u00e3o Pessoa, o presidente do diret\u00f3rio estadual do PT, Jackson Mac\u00eado, considerou que a manuten\u00e7\u00e3o da liberdade&hellip; <\/p>\n","protected":false},"author":2,"featured_media":154205,"comment_status":"closed","ping_status":"closed","sticky":false,"template":"","format":"standard","meta":{"sfsi_plus_gutenberg_text_before_share":"","sfsi_plus_gutenberg_show_text_before_share":"","sfsi_plus_gutenberg_icon_type":"","sfsi_plus_gutenberg_icon_alignemt":"","sfsi_plus_gutenburg_max_per_row":"","footnotes":""},"categories":[2],"tags":[],"class_list":["post-154204","post","type-post","status-publish","format-standard","has-post-thumbnail","hentry","category-geral"],"_links":{"self":[{"href":"https:\/\/www.caririemacao.com\/1\/wp-json\/wp\/v2\/posts\/154204","targetHints":{"allow":["GET"]}}],"collection":[{"href":"https:\/\/www.caririemacao.com\/1\/wp-json\/wp\/v2\/posts"}],"about":[{"href":"https:\/\/www.caririemacao.com\/1\/wp-json\/wp\/v2\/types\/post"}],"author":[{"embeddable":true,"href":"https:\/\/www.caririemacao.com\/1\/wp-json\/wp\/v2\/users\/2"}],"replies":[{"embeddable":true,"href":"https:\/\/www.caririemacao.com\/1\/wp-json\/wp\/v2\/comments?post=154204"}],"version-history":[{"count":1,"href":"https:\/\/www.caririemacao.com\/1\/wp-json\/wp\/v2\/posts\/154204\/revisions"}],"predecessor-version":[{"id":154206,"href":"https:\/\/www.caririemacao.com\/1\/wp-json\/wp\/v2\/posts\/154204\/revisions\/154206"}],"wp:featuredmedia":[{"embeddable":true,"href":"https:\/\/www.caririemacao.com\/1\/wp-json\/wp\/v2\/media\/154205"}],"wp:attachment":[{"href":"https:\/\/www.caririemacao.com\/1\/wp-json\/wp\/v2\/media?parent=154204"}],"wp:term":[{"taxonomy":"category","embeddable":true,"href":"https:\/\/www.caririemacao.com\/1\/wp-json\/wp\/v2\/categories?post=154204"},{"taxonomy":"post_tag","embeddable":true,"href":"https:\/\/www.caririemacao.com\/1\/wp-json\/wp\/v2\/tags?post=154204"}],"curies":[{"name":"wp","href":"https:\/\/api.w.org\/{rel}","templated":true}]}}