{"id":154218,"date":"2020-02-20T06:56:39","date_gmt":"2020-02-20T09:56:39","guid":{"rendered":"http:\/\/www.caririemacao.com\/1\/?p=154218"},"modified":"2020-02-20T06:56:41","modified_gmt":"2020-02-20T09:56:41","slug":"apos-morte-de-estudante-e-acusacao-contra-segurancas-ufpb-cria-comissao-para-acompanhar-investigacao","status":"publish","type":"post","link":"https:\/\/www.caririemacao.com\/1\/2020\/02\/20\/apos-morte-de-estudante-e-acusacao-contra-segurancas-ufpb-cria-comissao-para-acompanhar-investigacao\/","title":{"rendered":"Ap\u00f3s morte de estudante e acusa\u00e7\u00e3o contra seguran\u00e7as, UFPB cria comiss\u00e3o para acompanhar investiga\u00e7\u00e3o"},"content":{"rendered":"\n<p>O Conselho Universit\u00e1rio (Consuni) da Universidade Federal da Para\u00edba (UFPB) criou, por maioria de votos, comiss\u00e3o para acompanhar a investiga\u00e7\u00e3o da morte do estudante de Filosofia, Clayton Tomaz de Souza, de 31 anos. A decis\u00e3o foi tomada em reuni\u00e3o na manh\u00e3 desta quarta-feira (19).<\/p>\n\n\n\n<p>Clayton Tomaz desapareceu no dia 6 de fevereiro. O corpo foi encontrado na segunda-feira (17), \u00e0s margens de uma estrada em Gramame, na Zona Sul de Jo\u00e3o Pessoa. V\u00eddeos em que o aluno destaca o que considera a hostilidade dos vigilantes da UFPB contra ele viralizaram nas redes sociais ap\u00f3s sua morte.<\/p>\n\n\n\n<p>A comiss\u00e3o da UFPB que acompanhar\u00e1 o caso ser\u00e1 formada por representantes dos tr\u00eas segmentos que comp\u00f5em a comunidade universit\u00e1ria: estudantes, professores e t\u00e9cnico-administrativos.<\/p>\n\n\n\n<p>A reitoria Margareth Diniz afirmou que a institui\u00e7\u00e3o fornecer\u00e1 todas as informa\u00e7\u00f5es solicitadas para a elucida\u00e7\u00e3o do caso.<\/p>\n","protected":false},"excerpt":{"rendered":"<p>O Conselho Universit\u00e1rio (Consuni) da Universidade Federal da Para\u00edba (UFPB) criou, por maioria de votos, comiss\u00e3o para acompanhar a investiga\u00e7\u00e3o da morte do estudante de&hellip; <\/p>\n","protected":false},"author":2,"featured_media":154219,"comment_status":"closed","ping_status":"closed","sticky":false,"template":"","format":"standard","meta":{"sfsi_plus_gutenberg_text_before_share":"","sfsi_plus_gutenberg_show_text_before_share":"","sfsi_plus_gutenberg_icon_type":"","sfsi_plus_gutenberg_icon_alignemt":"","sfsi_plus_gutenburg_max_per_row":"","footnotes":""},"categories":[12],"tags":[],"class_list":["post-154218","post","type-post","status-publish","format-standard","has-post-thumbnail","hentry","category-policia"],"_links":{"self":[{"href":"https:\/\/www.caririemacao.com\/1\/wp-json\/wp\/v2\/posts\/154218","targetHints":{"allow":["GET"]}}],"collection":[{"href":"https:\/\/www.caririemacao.com\/1\/wp-json\/wp\/v2\/posts"}],"about":[{"href":"https:\/\/www.caririemacao.com\/1\/wp-json\/wp\/v2\/types\/post"}],"author":[{"embeddable":true,"href":"https:\/\/www.caririemacao.com\/1\/wp-json\/wp\/v2\/users\/2"}],"replies":[{"embeddable":true,"href":"https:\/\/www.caririemacao.com\/1\/wp-json\/wp\/v2\/comments?post=154218"}],"version-history":[{"count":1,"href":"https:\/\/www.caririemacao.com\/1\/wp-json\/wp\/v2\/posts\/154218\/revisions"}],"predecessor-version":[{"id":154220,"href":"https:\/\/www.caririemacao.com\/1\/wp-json\/wp\/v2\/posts\/154218\/revisions\/154220"}],"wp:featuredmedia":[{"embeddable":true,"href":"https:\/\/www.caririemacao.com\/1\/wp-json\/wp\/v2\/media\/154219"}],"wp:attachment":[{"href":"https:\/\/www.caririemacao.com\/1\/wp-json\/wp\/v2\/media?parent=154218"}],"wp:term":[{"taxonomy":"category","embeddable":true,"href":"https:\/\/www.caririemacao.com\/1\/wp-json\/wp\/v2\/categories?post=154218"},{"taxonomy":"post_tag","embeddable":true,"href":"https:\/\/www.caririemacao.com\/1\/wp-json\/wp\/v2\/tags?post=154218"}],"curies":[{"name":"wp","href":"https:\/\/api.w.org\/{rel}","templated":true}]}}