{"id":154222,"date":"2020-02-20T06:59:39","date_gmt":"2020-02-20T09:59:39","guid":{"rendered":"http:\/\/www.caririemacao.com\/1\/?p=154222"},"modified":"2020-02-20T06:59:41","modified_gmt":"2020-02-20T09:59:41","slug":"sera-necessario-que-nos-matem-mesmo-antes-de-permitirmos-que-milicias-controlem-o-estado-do-ceara-diz-ciro-gomes","status":"publish","type":"post","link":"https:\/\/www.caririemacao.com\/1\/2020\/02\/20\/sera-necessario-que-nos-matem-mesmo-antes-de-permitirmos-que-milicias-controlem-o-estado-do-ceara-diz-ciro-gomes\/","title":{"rendered":"&#8220;Ser\u00e1 necess\u00e1rio que nos matem mesmo antes de permitirmos que mil\u00edcias controlem o Estado do Cear\u00e1&#8221;, diz Ciro Gomes"},"content":{"rendered":"\n<p>O ex-governador Ciro Gomes (PDT-CE) se pronunciou ap\u00f3s o&nbsp;<a href=\"https:\/\/www.clickpb.com.br\/brasil\/senador-cid-gomes-e-baleado-durante-protesto-em-sobral-278316.html\">disparo de arma de fogo que atingiu seu irm\u00e3o, o senador Cid Gomes, nesta quarta-feira (18)<\/a>.<\/p>\n\n\n\n<p>Em&nbsp;<a href=\"https:\/\/twitter.com\/cirogomes\">publica\u00e7\u00e3o no Twitter<\/a>, Ciro Gomes afirmou que &#8220;ser\u00e1&nbsp; necess\u00e1rio que nos matem mesmo antes de permitirmos que mil\u00edcias controlem o Estado do Cear\u00e1 como os canalhas de sua familia fizeram com o Rio de Janeiro&#8221;. Na postagem, ele marcou o deputado Eduardo Bolsonaro.<\/p>\n\n\n\n<p>Ciro tamb\u00e9m publicou tweets explicando o estado de sa\u00fade de seu irm\u00e3o.&nbsp;<\/p>\n\n\n\n<p>&#8220;Meu irmao Cid Gomes foi vitima de dois tiros de arma de fogo por parte de policiais militares amotinados e mascarados em Sobral, nossa cidade. At\u00e9 aqui as informa\u00e7\u00f5es m\u00e9dicas s\u00e3o de que as balas n\u00e3o atingiram \u00f3rg\u00e3os vitais apesar de terem mirado seu peito esquerdo. (&#8230;) Novos exames est\u00e3o sendo feitos mas a palavra aos familiares e amigos \u00e9 de que Cid n\u00e3o corre risco de morte. Espero serenamente, embora cheio de revolta, que as autoridades respons\u00e1veis apresentem prontamente os marginais que tentaram este homic\u00eddio b\u00e1rbaro \u00e0s penas da lei.&#8221;<\/p>\n","protected":false},"excerpt":{"rendered":"<p>O ex-governador Ciro Gomes (PDT-CE) se pronunciou ap\u00f3s o&nbsp;disparo de arma de fogo que atingiu seu irm\u00e3o, o senador Cid Gomes, nesta quarta-feira (18). Em&nbsp;publica\u00e7\u00e3o&hellip; <\/p>\n","protected":false},"author":2,"featured_media":154223,"comment_status":"closed","ping_status":"closed","sticky":false,"template":"","format":"standard","meta":{"sfsi_plus_gutenberg_text_before_share":"","sfsi_plus_gutenberg_show_text_before_share":"","sfsi_plus_gutenberg_icon_type":"","sfsi_plus_gutenberg_icon_alignemt":"","sfsi_plus_gutenburg_max_per_row":"","footnotes":""},"categories":[2],"tags":[],"class_list":["post-154222","post","type-post","status-publish","format-standard","has-post-thumbnail","hentry","category-geral"],"_links":{"self":[{"href":"https:\/\/www.caririemacao.com\/1\/wp-json\/wp\/v2\/posts\/154222","targetHints":{"allow":["GET"]}}],"collection":[{"href":"https:\/\/www.caririemacao.com\/1\/wp-json\/wp\/v2\/posts"}],"about":[{"href":"https:\/\/www.caririemacao.com\/1\/wp-json\/wp\/v2\/types\/post"}],"author":[{"embeddable":true,"href":"https:\/\/www.caririemacao.com\/1\/wp-json\/wp\/v2\/users\/2"}],"replies":[{"embeddable":true,"href":"https:\/\/www.caririemacao.com\/1\/wp-json\/wp\/v2\/comments?post=154222"}],"version-history":[{"count":1,"href":"https:\/\/www.caririemacao.com\/1\/wp-json\/wp\/v2\/posts\/154222\/revisions"}],"predecessor-version":[{"id":154224,"href":"https:\/\/www.caririemacao.com\/1\/wp-json\/wp\/v2\/posts\/154222\/revisions\/154224"}],"wp:featuredmedia":[{"embeddable":true,"href":"https:\/\/www.caririemacao.com\/1\/wp-json\/wp\/v2\/media\/154223"}],"wp:attachment":[{"href":"https:\/\/www.caririemacao.com\/1\/wp-json\/wp\/v2\/media?parent=154222"}],"wp:term":[{"taxonomy":"category","embeddable":true,"href":"https:\/\/www.caririemacao.com\/1\/wp-json\/wp\/v2\/categories?post=154222"},{"taxonomy":"post_tag","embeddable":true,"href":"https:\/\/www.caririemacao.com\/1\/wp-json\/wp\/v2\/tags?post=154222"}],"curies":[{"name":"wp","href":"https:\/\/api.w.org\/{rel}","templated":true}]}}