{"id":154225,"date":"2020-02-20T07:00:51","date_gmt":"2020-02-20T10:00:51","guid":{"rendered":"http:\/\/www.caririemacao.com\/1\/?p=154225"},"modified":"2020-02-20T07:00:52","modified_gmt":"2020-02-20T10:00:52","slug":"ministro-sergio-moro-autoriza-envio-de-tropas-da-forca-nacional-para-o-ceara-em-meio-a-motim-de-policiais","status":"publish","type":"post","link":"https:\/\/www.caririemacao.com\/1\/2020\/02\/20\/ministro-sergio-moro-autoriza-envio-de-tropas-da-forca-nacional-para-o-ceara-em-meio-a-motim-de-policiais\/","title":{"rendered":"Ministro S\u00e9rgio Moro autoriza envio de tropas da For\u00e7a Nacional para o Cear\u00e1 em meio a motim de policiais"},"content":{"rendered":"\n<p>O ministro da Justi\u00e7a e Seguran\u00e7a P\u00fablica, S\u00e9rgio Moro, autorizou nesta quarta-feira (19) o envio da For\u00e7a Nacional para o Cear\u00e1 &#8220;a fim de proteger a popula\u00e7\u00e3o cearense, em raz\u00e3o de movimento paredista por parte das pol\u00edcias estaduais do Cear\u00e1&#8221;.<\/p>\n\n\n\n<p>O envio ser\u00e1 feito nesta quinta-feira (20) e deve permanecer no estado por 30 dias, conforme portaria assinada por S\u00e9rgio Moro.<\/p>\n\n\n\n<ul class=\"wp-block-list\"><li><strong>LEIA MAIS<\/strong>:&nbsp;<a href=\"https:\/\/www.clickpb.com.br\/brasil\/sera-necessario-que-nos-matem-mesmo-antes-de-permitirmos-que-milicias-controlem-o-estado-do-ceara-diz-ciro-gomes-278324.html\">&#8220;Ser\u00e1 necess\u00e1rio que nos matem mesmo antes de permitirmos que mil\u00edcias controlem o Estado do Cear\u00e1&#8221;, diz Ciro Gomes<\/a><\/li><\/ul>\n\n\n\n<p>&#8220;A opera\u00e7\u00e3o ter\u00e1 o apoio log\u00edstico do \u00f3rg\u00e3o demandante, que dever\u00e1 dispor da infraestrutura necess\u00e1ria \u00e0 For\u00e7a Nacional de Seguran\u00e7a P\u00fablica&#8221;, detalha a portaria.<\/p>\n\n\n\n<p>O envio ocorre em meio ao motim de policiais militares que reivindicam aumento salarial. Um projeto que tramita na Assembleia Legislativa do Cear\u00e1 aumento o sal\u00e1rio de um soldado militar de R$ 3,2 mil para R$ 4,5 mil, em reajuste progressivo at\u00e9 2022.<\/p>\n\n\n\n<p>Um grupo de policiais insatisfeito com a proposta realiza desde ter\u00e7a-feira (18) atos que a Secretaria da Seguran\u00e7a P\u00fablica do Cear\u00e1 considera &#8220;motim&#8221; e &#8220;vandalismo&#8221;. Nesta quarta, o senador licenciado Cid Gomes foi baleado quando tentava entrar com uma retroescavadeira em um batalh\u00e3o da Pol\u00edcia Militar em Sobral.<\/p>\n\n\n\n<p>Moro j\u00e1 havia enviado tropas da For\u00e7a Nacional para o Cear\u00e1 em 2019, quando o estado sofreu uma onda de ataques criminosos organizados por fac\u00e7\u00f5es criminosas.<\/p>\n","protected":false},"excerpt":{"rendered":"<p>O ministro da Justi\u00e7a e Seguran\u00e7a P\u00fablica, S\u00e9rgio Moro, autorizou nesta quarta-feira (19) o envio da For\u00e7a Nacional para o Cear\u00e1 &#8220;a fim de proteger&hellip; <\/p>\n","protected":false},"author":2,"featured_media":154226,"comment_status":"closed","ping_status":"closed","sticky":false,"template":"","format":"standard","meta":{"sfsi_plus_gutenberg_text_before_share":"","sfsi_plus_gutenberg_show_text_before_share":"","sfsi_plus_gutenberg_icon_type":"","sfsi_plus_gutenberg_icon_alignemt":"","sfsi_plus_gutenburg_max_per_row":"","footnotes":""},"categories":[11],"tags":[],"class_list":["post-154225","post","type-post","status-publish","format-standard","has-post-thumbnail","hentry","category-politica"],"_links":{"self":[{"href":"https:\/\/www.caririemacao.com\/1\/wp-json\/wp\/v2\/posts\/154225","targetHints":{"allow":["GET"]}}],"collection":[{"href":"https:\/\/www.caririemacao.com\/1\/wp-json\/wp\/v2\/posts"}],"about":[{"href":"https:\/\/www.caririemacao.com\/1\/wp-json\/wp\/v2\/types\/post"}],"author":[{"embeddable":true,"href":"https:\/\/www.caririemacao.com\/1\/wp-json\/wp\/v2\/users\/2"}],"replies":[{"embeddable":true,"href":"https:\/\/www.caririemacao.com\/1\/wp-json\/wp\/v2\/comments?post=154225"}],"version-history":[{"count":1,"href":"https:\/\/www.caririemacao.com\/1\/wp-json\/wp\/v2\/posts\/154225\/revisions"}],"predecessor-version":[{"id":154227,"href":"https:\/\/www.caririemacao.com\/1\/wp-json\/wp\/v2\/posts\/154225\/revisions\/154227"}],"wp:featuredmedia":[{"embeddable":true,"href":"https:\/\/www.caririemacao.com\/1\/wp-json\/wp\/v2\/media\/154226"}],"wp:attachment":[{"href":"https:\/\/www.caririemacao.com\/1\/wp-json\/wp\/v2\/media?parent=154225"}],"wp:term":[{"taxonomy":"category","embeddable":true,"href":"https:\/\/www.caririemacao.com\/1\/wp-json\/wp\/v2\/categories?post=154225"},{"taxonomy":"post_tag","embeddable":true,"href":"https:\/\/www.caririemacao.com\/1\/wp-json\/wp\/v2\/tags?post=154225"}],"curies":[{"name":"wp","href":"https:\/\/api.w.org\/{rel}","templated":true}]}}