{"id":154229,"date":"2020-02-20T07:02:02","date_gmt":"2020-02-20T10:02:02","guid":{"rendered":"http:\/\/www.caririemacao.com\/1\/?p=154229"},"modified":"2020-02-20T07:02:04","modified_gmt":"2020-02-20T10:02:04","slug":"gilmar-mendes-aceita-pedido-da-defesa-de-ricardo-coutinho-para-ter-acesso-as-delacoes-da-operacao-calvario","status":"publish","type":"post","link":"https:\/\/www.caririemacao.com\/1\/2020\/02\/20\/gilmar-mendes-aceita-pedido-da-defesa-de-ricardo-coutinho-para-ter-acesso-as-delacoes-da-operacao-calvario\/","title":{"rendered":"Gilmar Mendes aceita pedido da defesa de Ricardo Coutinho para ter acesso \u00e0s dela\u00e7\u00f5es da Opera\u00e7\u00e3o Calv\u00e1rio"},"content":{"rendered":"\n<p>O ministro do Supremo Tribunal Federal (STF) Gilmar Mendes deferiu, em partes, uma reclama\u00e7\u00e3o protocolada pela defesa do ex-governador Ricardo Coutinho na \u00faltima segunda-feira (17). Gilmar determinou que a defesa de Ricardo Coutinho possa ter acesso \u00e0s dela\u00e7\u00f5es premiadas envolvendo seu nome que foram feitas no \u00e2mbito da Opera\u00e7\u00e3o Calv\u00e1rio. A decis\u00e3o de Gilmar Mendes foi divulgada pelo STF nesta quarta-feira (19).<\/p>\n\n\n\n<p>De acordo com a decis\u00e3o, o ministro considerou a jurisprud\u00eancia do pr\u00f3prio STF sobre o acesso \u00e0s colabora\u00e7\u00f5es premiadas para as defesas das pessoas que s\u00e3o incriminadas ou mencionadas. \u201cDou provimento parcial \u00e0 reclama\u00e7\u00e3o, de modo a assegurar, nos termos da S\u00famula Vinculante 14, o acesso a termos de declara\u00e7\u00f5es prestadas por colaboradores que incriminem o reclamante, j\u00e1 documentadas e que n\u00e3o se refiram \u00e0 dilig\u00eancia em andamento que possa ser prejudicada\u201d, ressaltou o ministro.<\/p>\n\n\n\n<p>Desta forma, o Tribunal de Justi\u00e7a da Para\u00edba (TJPB) ter\u00e1 que conceder o acesso \u00e0s colabora\u00e7\u00f5es premiadas da Opera\u00e7\u00e3o Calv\u00e1rio \u00e0 defesa de Ricardo Coutinho.<\/p>\n\n\n\n<p>Apesar de garantir o acesso \u00e0s dela\u00e7\u00f5es, Gilmar Mendes negou o pedido feito pela defesa para reabertura de prazo para apresentar resposta \u00e0 acusa\u00e7\u00e3o. \u201cEntendo que, no curso do processo penal, o reclamante ter\u00e1 a oportunidade de exercer o devido contradit\u00f3rio e ampla defesa com rela\u00e7\u00e3o ao material a ser eventualmente disponibilizado em raz\u00e3o desta decis\u00e3o. Por isso, indefiro o pedido de reabertura de prazo para apresentar resposta \u00e0 acusa\u00e7\u00e3o\u201d.<\/p>\n\n\n\n<figure class=\"wp-block-image\"><img decoding=\"async\" data-src=\"https:\/\/www.clickpb.com.br\/media\/filer_public\/ad\/57\/ad577a18-ec99-401c-bc04-eb6aec4a2737\/ricardo_coutinho_-_delacoes_-_stf.jpg\" alt=\"\" src=\"data:image\/svg+xml;base64,PHN2ZyB3aWR0aD0iMSIgaGVpZ2h0PSIxIiB4bWxucz0iaHR0cDovL3d3dy53My5vcmcvMjAwMC9zdmciPjwvc3ZnPg==\" class=\"lazyload\" \/><\/figure>\n","protected":false},"excerpt":{"rendered":"<p>O ministro do Supremo Tribunal Federal (STF) Gilmar Mendes deferiu, em partes, uma reclama\u00e7\u00e3o protocolada pela defesa do ex-governador Ricardo Coutinho na \u00faltima segunda-feira (17).&hellip; <\/p>\n","protected":false},"author":2,"featured_media":154230,"comment_status":"closed","ping_status":"closed","sticky":false,"template":"","format":"standard","meta":{"sfsi_plus_gutenberg_text_before_share":"","sfsi_plus_gutenberg_show_text_before_share":"","sfsi_plus_gutenberg_icon_type":"","sfsi_plus_gutenberg_icon_alignemt":"","sfsi_plus_gutenburg_max_per_row":"","footnotes":""},"categories":[11],"tags":[],"class_list":["post-154229","post","type-post","status-publish","format-standard","has-post-thumbnail","hentry","category-politica"],"_links":{"self":[{"href":"https:\/\/www.caririemacao.com\/1\/wp-json\/wp\/v2\/posts\/154229","targetHints":{"allow":["GET"]}}],"collection":[{"href":"https:\/\/www.caririemacao.com\/1\/wp-json\/wp\/v2\/posts"}],"about":[{"href":"https:\/\/www.caririemacao.com\/1\/wp-json\/wp\/v2\/types\/post"}],"author":[{"embeddable":true,"href":"https:\/\/www.caririemacao.com\/1\/wp-json\/wp\/v2\/users\/2"}],"replies":[{"embeddable":true,"href":"https:\/\/www.caririemacao.com\/1\/wp-json\/wp\/v2\/comments?post=154229"}],"version-history":[{"count":1,"href":"https:\/\/www.caririemacao.com\/1\/wp-json\/wp\/v2\/posts\/154229\/revisions"}],"predecessor-version":[{"id":154231,"href":"https:\/\/www.caririemacao.com\/1\/wp-json\/wp\/v2\/posts\/154229\/revisions\/154231"}],"wp:featuredmedia":[{"embeddable":true,"href":"https:\/\/www.caririemacao.com\/1\/wp-json\/wp\/v2\/media\/154230"}],"wp:attachment":[{"href":"https:\/\/www.caririemacao.com\/1\/wp-json\/wp\/v2\/media?parent=154229"}],"wp:term":[{"taxonomy":"category","embeddable":true,"href":"https:\/\/www.caririemacao.com\/1\/wp-json\/wp\/v2\/categories?post=154229"},{"taxonomy":"post_tag","embeddable":true,"href":"https:\/\/www.caririemacao.com\/1\/wp-json\/wp\/v2\/tags?post=154229"}],"curies":[{"name":"wp","href":"https:\/\/api.w.org\/{rel}","templated":true}]}}