{"id":154233,"date":"2020-02-20T07:04:53","date_gmt":"2020-02-20T10:04:53","guid":{"rendered":"http:\/\/www.caririemacao.com\/1\/?p=154233"},"modified":"2020-02-20T07:04:55","modified_gmt":"2020-02-20T10:04:55","slug":"lula-afirma-em-interrogatorio-que-palocci-mente-e-nega-propina-em-mp","status":"publish","type":"post","link":"https:\/\/www.caririemacao.com\/1\/2020\/02\/20\/lula-afirma-em-interrogatorio-que-palocci-mente-e-nega-propina-em-mp\/","title":{"rendered":"Lula afirma em interrogat\u00f3rio que Palocci mente e nega propina em MP"},"content":{"rendered":"\n<p>O ex-presidente Luis In\u00e1cio Lula da Silva (PT) prestou depoimento \u00e0 Justi\u00e7a Federal de Bras\u00edlia nesta quarta-feira (19) e afirmou que o ex-ministro Antonio Palocci mentiu ao relatar supostos di\u00e1logos com ele sobre a aprova\u00e7\u00e3o de medidas provis\u00f3rias que beneficiaram o setor automotivo nas gest\u00f5es do PT, de acordo com informa\u00e7\u00f5es do UOL.<\/p>\n\n\n\n<p>\u201cN\u00e3o s\u00f3 n\u00e3o \u00e9 verdade, como \u00e9 inveross\u00edmil essa ila\u00e7\u00e3o\u201d, disse Lula. O ex-presidente dep\u00f4s em interrogat\u00f3rio ao juiz Vallisney de Souza Oliveira, da 10\u00aa Vara Federal do Distrito Federal, em processo da Opera\u00e7\u00e3o Zelotes no qual \u00e9 r\u00e9u.<\/p>\n\n\n\n<p>Questionado sobre o motivo de Palocci ter feito declara\u00e7\u00f5es que poderiam incrimin\u00e1-li, Lula disse que o Palocci possivelmente estaria interessado nos benef\u00edcios do acordo de dela\u00e7\u00e3o premiada firmado com a Pol\u00edcia Federal. \u201cA \u00fanica explica\u00e7\u00e3o era porque ele deveria estar ganhando um pr\u00eamio para fazer dela\u00e7\u00e3o\u201d, afirmou o ex-presidente.<\/p>\n\n\n\n<p>Confira outros trechos do depoimento, ainda de acordo com informa\u00e7\u00f5es do UOL:<\/p>\n\n\n\n<p>\u201cEu n\u00e3o discuti a Medida Provis\u00f3ria 471 com Mauro Marcondes [lobista do setor automobil\u00edstico] em nenhum momento, porque n\u00e3o tinha o que conversar com Mauro Marcondes. Eu n\u00e3o discutia com a ind\u00fastria automobil\u00edstica a medida provisoria. A medida provis\u00f3ria era discutida com os ministros e depois chegava a mim depois que j\u00e1 tinha conclu\u00eddo todo o andamento dela at\u00e9 chegar \u00e0 Presid\u00eancia da Rep\u00fablica\u201d, afirmou o ex-presidente.<\/p>\n\n\n\n<p>O ex-presidente voltou a afirmar sua inoc\u00eancia. \u201cEstou cansado de tanta mentira contra mim, tantas insinua\u00e7\u00f5es\u201d, disse Lula.<\/p>\n\n\n\n<p>\u201cEu estou dizendo em alto e bom som, 24 horas por dia: eu desafio a institui\u00e7\u00e3o Minist\u00e9rio P\u00fablico a provar um deslize na minha vida. Eu n\u00e3o posso falar o mesmo de alguns procuradores\u201d, afirmou ele.<\/p>\n","protected":false},"excerpt":{"rendered":"<p>O ex-presidente Luis In\u00e1cio Lula da Silva (PT) prestou depoimento \u00e0 Justi\u00e7a Federal de Bras\u00edlia nesta quarta-feira (19) e afirmou que o ex-ministro Antonio Palocci&hellip; <\/p>\n","protected":false},"author":2,"featured_media":154234,"comment_status":"closed","ping_status":"closed","sticky":false,"template":"","format":"standard","meta":{"sfsi_plus_gutenberg_text_before_share":"","sfsi_plus_gutenberg_show_text_before_share":"","sfsi_plus_gutenberg_icon_type":"","sfsi_plus_gutenberg_icon_alignemt":"","sfsi_plus_gutenburg_max_per_row":"","footnotes":""},"categories":[2],"tags":[],"class_list":["post-154233","post","type-post","status-publish","format-standard","has-post-thumbnail","hentry","category-geral"],"_links":{"self":[{"href":"https:\/\/www.caririemacao.com\/1\/wp-json\/wp\/v2\/posts\/154233","targetHints":{"allow":["GET"]}}],"collection":[{"href":"https:\/\/www.caririemacao.com\/1\/wp-json\/wp\/v2\/posts"}],"about":[{"href":"https:\/\/www.caririemacao.com\/1\/wp-json\/wp\/v2\/types\/post"}],"author":[{"embeddable":true,"href":"https:\/\/www.caririemacao.com\/1\/wp-json\/wp\/v2\/users\/2"}],"replies":[{"embeddable":true,"href":"https:\/\/www.caririemacao.com\/1\/wp-json\/wp\/v2\/comments?post=154233"}],"version-history":[{"count":1,"href":"https:\/\/www.caririemacao.com\/1\/wp-json\/wp\/v2\/posts\/154233\/revisions"}],"predecessor-version":[{"id":154235,"href":"https:\/\/www.caririemacao.com\/1\/wp-json\/wp\/v2\/posts\/154233\/revisions\/154235"}],"wp:featuredmedia":[{"embeddable":true,"href":"https:\/\/www.caririemacao.com\/1\/wp-json\/wp\/v2\/media\/154234"}],"wp:attachment":[{"href":"https:\/\/www.caririemacao.com\/1\/wp-json\/wp\/v2\/media?parent=154233"}],"wp:term":[{"taxonomy":"category","embeddable":true,"href":"https:\/\/www.caririemacao.com\/1\/wp-json\/wp\/v2\/categories?post=154233"},{"taxonomy":"post_tag","embeddable":true,"href":"https:\/\/www.caririemacao.com\/1\/wp-json\/wp\/v2\/tags?post=154233"}],"curies":[{"name":"wp","href":"https:\/\/api.w.org\/{rel}","templated":true}]}}