{"id":154237,"date":"2020-02-20T07:06:30","date_gmt":"2020-02-20T10:06:30","guid":{"rendered":"http:\/\/www.caririemacao.com\/1\/?p=154237"},"modified":"2020-02-20T07:06:32","modified_gmt":"2020-02-20T10:06:32","slug":"pt-psol-e-rede-pedem-cassacao-do-mandato-de-flavio-bolsonaro-por-quebra-de-decoro","status":"publish","type":"post","link":"https:\/\/www.caririemacao.com\/1\/2020\/02\/20\/pt-psol-e-rede-pedem-cassacao-do-mandato-de-flavio-bolsonaro-por-quebra-de-decoro\/","title":{"rendered":"PT, PSOL e Rede pedem cassa\u00e7\u00e3o do mandato de Fl\u00e1vio Bolsonaro por quebra de decoro"},"content":{"rendered":"\n<p>Deputados e senadores do PT, Psol e Rede protocolaram no Senado nesta quarta-feira (19) representa\u00e7\u00e3o pedindo cassa\u00e7\u00e3o do mandato do senador Fl\u00e1vio Bolsonaro (sem partido-RJ) por quebra de decoro parlamentar.<br><\/p>\n\n\n\n<p>O documento foi entregue ao senador Jayme Campos (MT-DEM), presidente do Conselho de \u00c9tica do Senado. Ele ouvir\u00e1 a assessoria jur\u00eddica da Casa para decidir se aceita a representa\u00e7\u00e3o.<\/p>\n\n\n\n<p>O senador Jayme Campos pode decidir que n\u00e3o existem elementos suficientes para abertura do processo. Caso a representa\u00e7\u00e3o seja aceita, o senador ser\u00e1 notificado e ter\u00e1 prazo de 10 dias para apresentar sua defesa.<\/p>\n\n\n\n<p>Entre os argumentos pela cassa\u00e7\u00e3o, a oposi\u00e7\u00e3o afirma que Fl\u00e1vio tem liga\u00e7\u00e3o com a mil\u00edcia do Rio de Janeiro. Tamb\u00e9m citam a rela\u00e7\u00e3o do senador com o miliciano Adriano da N\u00f3brega, morto em opera\u00e7\u00e3o policial em 9 de fevereiro.<\/p>\n\n\n\n<p>&#8220;As investiga\u00e7\u00f5es levadas a efeito pelo Minist\u00e9rio P\u00fablico do Rio de Janeiro e muitas das posturas como pol\u00edtico, manifesta\u00e7\u00f5es p\u00fablicas como discursos, publica\u00e7\u00e3o de fotos, homenagens reiteradas efetuadas na Assembleia Legislativa e a nomea\u00e7\u00e3o no gabinete de parentes e de pessoas muito pr\u00f3ximas de milicianos do Rio de Janeiro, confirmam a denunciada forte e antiga rela\u00e7\u00e3o com mil\u00edcias, recheada da pr\u00e1tica de il\u00edcitos outros&#8221;, diz trecho da representa\u00e7\u00e3o.<\/p>\n\n\n\n<p>O G1 entrou em contato com a assessoria de imprensa de Fl\u00e1vio Bolsonaro e aguarda uma manifesta\u00e7\u00e3o do senador sobre a representa\u00e7\u00e3o.<\/p>\n\n\n\n<p>A oposi\u00e7\u00e3o tamb\u00e9m cita a investiga\u00e7\u00e3o feita no gabinete de Fl\u00e1vio Bolsonaro por suspeita de funcion\u00e1rios fantasmas e da pr\u00e1tica da &#8220;rachadinha&#8221; quando Fl\u00e1vio ainda era deputado estadual no Rio de Janeiro.<\/p>\n\n\n\n<p>De acordo com a representa\u00e7\u00e3o, Fl\u00e1vio quebra o decoro &#8220;ao deixar de observar os deveres advindos dos princ\u00edpios e valores social e constitucionalmente previstos&#8221; ao ser &#8220;s\u00e9ria e robustamente acusado da pr\u00e1tica de il\u00edcitos contra a administra\u00e7\u00e3o p\u00fablica&#8221;.<\/p>\n\n\n\n<p>A representa\u00e7\u00e3o diz que os atos de Fl\u00e1vio aviltam a imagem do Senado e de todo o arranjo pol\u00edtico institucional brasileiro. Ainda segundo o pedido, mesmo que os atos sejam anteriores ao atual mandato de Fl\u00e1vio no Senado, \u00e9 poss\u00edvel a cassa\u00e7\u00e3o.<\/p>\n\n\n\n<p>&#8220;N\u00e3o importa, conforme v\u00eam decidindo o STF e demais tribunais, o tempo da ocorr\u00eancia do delito \u00e9tico pol\u00edtico para fins de verifica\u00e7\u00e3o e puni\u00e7\u00e3o pela quebra de decoro&#8221;, diz o texto.<\/p>\n","protected":false},"excerpt":{"rendered":"<p>Deputados e senadores do PT, Psol e Rede protocolaram no Senado nesta quarta-feira (19) representa\u00e7\u00e3o pedindo cassa\u00e7\u00e3o do mandato do senador Fl\u00e1vio Bolsonaro (sem partido-RJ)&hellip; <\/p>\n","protected":false},"author":2,"featured_media":154238,"comment_status":"closed","ping_status":"closed","sticky":false,"template":"","format":"standard","meta":{"sfsi_plus_gutenberg_text_before_share":"","sfsi_plus_gutenberg_show_text_before_share":"","sfsi_plus_gutenberg_icon_type":"","sfsi_plus_gutenberg_icon_alignemt":"","sfsi_plus_gutenburg_max_per_row":"","footnotes":""},"categories":[11],"tags":[],"class_list":["post-154237","post","type-post","status-publish","format-standard","has-post-thumbnail","hentry","category-politica"],"_links":{"self":[{"href":"https:\/\/www.caririemacao.com\/1\/wp-json\/wp\/v2\/posts\/154237","targetHints":{"allow":["GET"]}}],"collection":[{"href":"https:\/\/www.caririemacao.com\/1\/wp-json\/wp\/v2\/posts"}],"about":[{"href":"https:\/\/www.caririemacao.com\/1\/wp-json\/wp\/v2\/types\/post"}],"author":[{"embeddable":true,"href":"https:\/\/www.caririemacao.com\/1\/wp-json\/wp\/v2\/users\/2"}],"replies":[{"embeddable":true,"href":"https:\/\/www.caririemacao.com\/1\/wp-json\/wp\/v2\/comments?post=154237"}],"version-history":[{"count":1,"href":"https:\/\/www.caririemacao.com\/1\/wp-json\/wp\/v2\/posts\/154237\/revisions"}],"predecessor-version":[{"id":154239,"href":"https:\/\/www.caririemacao.com\/1\/wp-json\/wp\/v2\/posts\/154237\/revisions\/154239"}],"wp:featuredmedia":[{"embeddable":true,"href":"https:\/\/www.caririemacao.com\/1\/wp-json\/wp\/v2\/media\/154238"}],"wp:attachment":[{"href":"https:\/\/www.caririemacao.com\/1\/wp-json\/wp\/v2\/media?parent=154237"}],"wp:term":[{"taxonomy":"category","embeddable":true,"href":"https:\/\/www.caririemacao.com\/1\/wp-json\/wp\/v2\/categories?post=154237"},{"taxonomy":"post_tag","embeddable":true,"href":"https:\/\/www.caririemacao.com\/1\/wp-json\/wp\/v2\/tags?post=154237"}],"curies":[{"name":"wp","href":"https:\/\/api.w.org\/{rel}","templated":true}]}}