{"id":154241,"date":"2020-02-20T07:08:00","date_gmt":"2020-02-20T10:08:00","guid":{"rendered":"http:\/\/www.caririemacao.com\/1\/?p=154241"},"modified":"2020-02-20T07:08:01","modified_gmt":"2020-02-20T10:08:01","slug":"bebe-nasce-zangada-e-foto-viraliza-na-internet","status":"publish","type":"post","link":"https:\/\/www.caririemacao.com\/1\/2020\/02\/20\/bebe-nasce-zangada-e-foto-viraliza-na-internet\/","title":{"rendered":"Beb\u00ea nasce zangada e foto viraliza na internet"},"content":{"rendered":"\n<p>A pequena Isabela pareceu sem paci\u00eancia durante a vida a esse mundo. O car\u00e3o feito pela beb\u00ea pelas lentes do fot\u00f3grafo Rodrigo Kunstmann&nbsp;no dia 13 de fevereiro viralizou nas redes sociais. &#8220;Ela abriu bem os olhos e n\u00e3o chorou, fez uma carinha &#8216;emburrada&#8217;, a m\u00e3e deu um beijo e s\u00f3 depois que cortaram o cord\u00e3o umbilical que ela come\u00e7ou a chorar&#8221;, diz o profissional.&nbsp;<br><\/p>\n\n\n\n<p>A m\u00e3e Daiane de Jesus Barbosa, de Mesquita, Rio de Janeiro, diz que na hora n\u00e3o percebeu que a filha estava com cara de brava, porque a rea\u00e7\u00e3o durou segundos. S\u00f3 depois que o fot\u00f3grafo mostrou a foto que ela conseguiu ver. &#8220;Eu pensei: que cara \u00e9 essa que ela fez? Minha filha nasceu um meme pronto&#8221;, explica. Depois de nascer, a pequena Isa n\u00e3o fez mais a carinha &#8220;emburrada&#8221;, mas sempre enruga a testa na hora que quer mamar e trocar a fralda.&nbsp;<\/p>\n\n\n\n<p>Daine e Renato Pereira da Rocha n\u00e3o esperavam que ficariam gr\u00e1vidos no ano passado. A m\u00e3e descobriu sua gesta\u00e7\u00e3o com cinco semanas. Logo no in\u00edcio da gravidez, ela recebeu a not\u00edcia que estava com hematoma subcori\u00f4nico,&nbsp; que \u00e9 o acumulo de sangue entre a placenta e o \u00fatero. &#8220;A minha obstetra recomendou repouso, porque poderia acontecer um aborto espont\u00e2neo, por isso fiquei afastada do trabalho por 14 dias. Depois desse tempo, o hematoma sumiu e eu tive uma gesta\u00e7\u00e3o tranquila&#8221;.&nbsp;<\/p>\n\n\n\n<p>A ideia de fazer um ensaio fot\u00f3grafo surgiu porque a m\u00e3e queria guardar esse momento. Em suas buscas pela internet, Daine encontrou o fot\u00f3grafo Rodrigo Kunstmann, que j\u00e1 trabalha h\u00e1 quatro anos registrando partos. Para captar boas imagens como a da Isabela, o profissional diz que depende da parceria da equipe m\u00e9dica. &#8220;\u00c9 importante que o parto seja o mais humanizado poss\u00edvel, em que o beb\u00ea tenha contato com a m\u00e3e logo ao nascer&#8221;, explica.&nbsp;<\/p>\n","protected":false},"excerpt":{"rendered":"<p>A pequena Isabela pareceu sem paci\u00eancia durante a vida a esse mundo. O car\u00e3o feito pela beb\u00ea pelas lentes do fot\u00f3grafo Rodrigo Kunstmann&nbsp;no dia 13&hellip; <\/p>\n","protected":false},"author":2,"featured_media":154242,"comment_status":"closed","ping_status":"closed","sticky":false,"template":"","format":"standard","meta":{"sfsi_plus_gutenberg_text_before_share":"","sfsi_plus_gutenberg_show_text_before_share":"","sfsi_plus_gutenberg_icon_type":"","sfsi_plus_gutenberg_icon_alignemt":"","sfsi_plus_gutenburg_max_per_row":"","footnotes":""},"categories":[2],"tags":[],"class_list":["post-154241","post","type-post","status-publish","format-standard","has-post-thumbnail","hentry","category-geral"],"_links":{"self":[{"href":"https:\/\/www.caririemacao.com\/1\/wp-json\/wp\/v2\/posts\/154241","targetHints":{"allow":["GET"]}}],"collection":[{"href":"https:\/\/www.caririemacao.com\/1\/wp-json\/wp\/v2\/posts"}],"about":[{"href":"https:\/\/www.caririemacao.com\/1\/wp-json\/wp\/v2\/types\/post"}],"author":[{"embeddable":true,"href":"https:\/\/www.caririemacao.com\/1\/wp-json\/wp\/v2\/users\/2"}],"replies":[{"embeddable":true,"href":"https:\/\/www.caririemacao.com\/1\/wp-json\/wp\/v2\/comments?post=154241"}],"version-history":[{"count":1,"href":"https:\/\/www.caririemacao.com\/1\/wp-json\/wp\/v2\/posts\/154241\/revisions"}],"predecessor-version":[{"id":154243,"href":"https:\/\/www.caririemacao.com\/1\/wp-json\/wp\/v2\/posts\/154241\/revisions\/154243"}],"wp:featuredmedia":[{"embeddable":true,"href":"https:\/\/www.caririemacao.com\/1\/wp-json\/wp\/v2\/media\/154242"}],"wp:attachment":[{"href":"https:\/\/www.caririemacao.com\/1\/wp-json\/wp\/v2\/media?parent=154241"}],"wp:term":[{"taxonomy":"category","embeddable":true,"href":"https:\/\/www.caririemacao.com\/1\/wp-json\/wp\/v2\/categories?post=154241"},{"taxonomy":"post_tag","embeddable":true,"href":"https:\/\/www.caririemacao.com\/1\/wp-json\/wp\/v2\/tags?post=154241"}],"curies":[{"name":"wp","href":"https:\/\/api.w.org\/{rel}","templated":true}]}}