{"id":154244,"date":"2020-02-20T07:09:12","date_gmt":"2020-02-20T10:09:12","guid":{"rendered":"http:\/\/www.caririemacao.com\/1\/?p=154244"},"modified":"2020-02-20T07:09:15","modified_gmt":"2020-02-20T10:09:15","slug":"eduardo-bolsonaro-da-banana-para-deputadas-que-defendem-jornalista","status":"publish","type":"post","link":"https:\/\/www.caririemacao.com\/1\/2020\/02\/20\/eduardo-bolsonaro-da-banana-para-deputadas-que-defendem-jornalista\/","title":{"rendered":"Eduardo Bolsonaro &#8216;d\u00e1 banana&#8217; para deputadas que defendem jornalista"},"content":{"rendered":"\n<p>Ap\u00f3s a l\u00edder do PSOL, Fernanda Melchiona (RS), ler uma nota de rep\u00fadio, em nome das mulheres da C\u00e2mara, \u00e0s cr\u00edticas do presidente Jair Bolsonaro ao trabalho da jornalista Patr\u00edcia Campos Mello, rep\u00f3rter do jornal Folha de S.Paulo, o deputado Eduardo Bolsonaro (PSL-SP), filho do presidente, subiu ao plen\u00e1rio e acirrou ainda mais os \u00e2nimos.<\/p>\n\n\n\n<p>&#8220;Esse tipo de discurso tamb\u00e9m revolta, a deputada diz que fala em nome das mulheres. Calma a\u00ed, ser\u00e1 que n\u00e3o tem mulher aqui comigo n\u00e3o? Uma banana, em nome das mulheres. Uma banana! Quero saber onde elas estavam quando o Lula falou em mulheres de grelo duro. Onde voc\u00eas estavam? Estavam perdendo dinheiro enquanto isso, estavam roubando?&#8221;<\/p>\n\n\n\n<p>Enquanto Eduardo falava, acompanhado de homens e mulheres do PSL, come\u00e7ou um tumulto no plen\u00e1rio, com vaias de um lado e gritos de apoio ao deputado de outro.<\/p>\n\n\n\n<p>&#8220;Isso daqui n\u00e3o passa de discurso pol\u00edtico, isso aqui \u00e9 a imposi\u00e7\u00e3o do politicamente correto para tentar calar a boca do presidente Jair Bolsonaro&#8221;, gritou Eduardo. &#8220;Eu quero saber qual outro presidente machista deixou sua mulher discursar na posse? A mulher do Lula s\u00f3 serviu para levar a culpa da roubalheira&#8221;, continuou ele.<\/p>\n\n\n\n<p>A oposi\u00e7\u00e3o, no plen\u00e1rio, gritava &#8220;Fascista! Fascista!&#8221;. Eduardo, por sua vez, rebatia: &#8220;Raspa o suvaco, hein? Sen\u00e3o d\u00e1 um mau cheiro do caramba, hein?&#8221;<\/p>\n\n\n\n<figure><iframe width=\"500\" height=\"281\" data-src=\"https:\/\/www.youtube.com\/embed\/xA9v-YkDJmc\" allowfullscreen=\"\" src=\"data:image\/svg+xml;base64,PHN2ZyB3aWR0aD0iMSIgaGVpZ2h0PSIxIiB4bWxucz0iaHR0cDovL3d3dy53My5vcmcvMjAwMC9zdmciPjwvc3ZnPg==\" class=\"lazyload\" data-load-mode=\"1\"><\/iframe><\/figure>\n","protected":false},"excerpt":{"rendered":"<p>Ap\u00f3s a l\u00edder do PSOL, Fernanda Melchiona (RS), ler uma nota de rep\u00fadio, em nome das mulheres da C\u00e2mara, \u00e0s cr\u00edticas do presidente Jair Bolsonaro&hellip; <\/p>\n","protected":false},"author":2,"featured_media":154245,"comment_status":"closed","ping_status":"closed","sticky":false,"template":"","format":"standard","meta":{"sfsi_plus_gutenberg_text_before_share":"","sfsi_plus_gutenberg_show_text_before_share":"","sfsi_plus_gutenberg_icon_type":"","sfsi_plus_gutenberg_icon_alignemt":"","sfsi_plus_gutenburg_max_per_row":"","footnotes":""},"categories":[2],"tags":[],"class_list":["post-154244","post","type-post","status-publish","format-standard","has-post-thumbnail","hentry","category-geral"],"_links":{"self":[{"href":"https:\/\/www.caririemacao.com\/1\/wp-json\/wp\/v2\/posts\/154244","targetHints":{"allow":["GET"]}}],"collection":[{"href":"https:\/\/www.caririemacao.com\/1\/wp-json\/wp\/v2\/posts"}],"about":[{"href":"https:\/\/www.caririemacao.com\/1\/wp-json\/wp\/v2\/types\/post"}],"author":[{"embeddable":true,"href":"https:\/\/www.caririemacao.com\/1\/wp-json\/wp\/v2\/users\/2"}],"replies":[{"embeddable":true,"href":"https:\/\/www.caririemacao.com\/1\/wp-json\/wp\/v2\/comments?post=154244"}],"version-history":[{"count":1,"href":"https:\/\/www.caririemacao.com\/1\/wp-json\/wp\/v2\/posts\/154244\/revisions"}],"predecessor-version":[{"id":154246,"href":"https:\/\/www.caririemacao.com\/1\/wp-json\/wp\/v2\/posts\/154244\/revisions\/154246"}],"wp:featuredmedia":[{"embeddable":true,"href":"https:\/\/www.caririemacao.com\/1\/wp-json\/wp\/v2\/media\/154245"}],"wp:attachment":[{"href":"https:\/\/www.caririemacao.com\/1\/wp-json\/wp\/v2\/media?parent=154244"}],"wp:term":[{"taxonomy":"category","embeddable":true,"href":"https:\/\/www.caririemacao.com\/1\/wp-json\/wp\/v2\/categories?post=154244"},{"taxonomy":"post_tag","embeddable":true,"href":"https:\/\/www.caririemacao.com\/1\/wp-json\/wp\/v2\/tags?post=154244"}],"curies":[{"name":"wp","href":"https:\/\/api.w.org\/{rel}","templated":true}]}}