{"id":154247,"date":"2020-02-20T07:46:53","date_gmt":"2020-02-20T10:46:53","guid":{"rendered":"http:\/\/www.caririemacao.com\/1\/?p=154247"},"modified":"2020-02-20T07:46:55","modified_gmt":"2020-02-20T10:46:55","slug":"cenas-fortes-video-mostra-professor-de-serra-branca-sendo-espancado-com-pedacos-de-madeira","status":"publish","type":"post","link":"https:\/\/www.caririemacao.com\/1\/2020\/02\/20\/cenas-fortes-video-mostra-professor-de-serra-branca-sendo-espancado-com-pedacos-de-madeira\/","title":{"rendered":"Cenas fortes: v\u00eddeo mostra professor de Serra Branca sendo espancado com peda\u00e7os de madeira"},"content":{"rendered":"\n<figure class=\"wp-block-image\"><img decoding=\"async\" data-src=\"http:\/\/www.blogdobrunolira.com.br\/wp-content\/uploads\/2020\/02\/professor-616x414.jpg\" alt=\"\" src=\"data:image\/svg+xml;base64,PHN2ZyB3aWR0aD0iMSIgaGVpZ2h0PSIxIiB4bWxucz0iaHR0cDovL3d3dy53My5vcmcvMjAwMC9zdmciPjwvc3ZnPg==\" class=\"lazyload\" style=\"--smush-placeholder-width: 616px; --smush-placeholder-aspect-ratio: 616\/414;\" \/><\/figure>\n\n\n\n<p>O&nbsp;<strong>Blog do Bruno Lira<\/strong>&nbsp;teve acesso ao v\u00eddeo do momento do espancamento ao professor da cidade de Serra Branca, no Cariri, Luiz Carlos Rodrigues, na tarde da \u00faltima segunda-feira (17). O v\u00eddeo mostra dos homens com peda\u00e7os de madeira espancando brutalmente o professor.<\/p>\n\n\n\n<p>A Pol\u00edcia Civil est\u00e1 apurando o caso para responsabilizar os culpados pelo crime.<\/p>\n\n\n\n<p><strong>Veja&nbsp; o v\u00eddeo:<\/strong><\/p>\n\n\n\n<figure><iframe data-src=\"http:\/\/www.youtube.com\/embed\/1iwtub7RpTo?version=3&amp;rel=1&amp;fs=1&amp;autohide=2&amp;showsearch=0&amp;showinfo=1&amp;iv_load_policy=1&amp;wmode=transparent\" allowfullscreen=\"true\" src=\"data:image\/svg+xml;base64,PHN2ZyB3aWR0aD0iMSIgaGVpZ2h0PSIxIiB4bWxucz0iaHR0cDovL3d3dy53My5vcmcvMjAwMC9zdmciPjwvc3ZnPg==\" class=\"lazyload\" data-load-mode=\"1\"><\/iframe><\/figure>\n\n\n\n<p><strong>Blog do Bruno Lira<\/strong><\/p>\n","protected":false},"excerpt":{"rendered":"<p>O&nbsp;Blog do Bruno Lira&nbsp;teve acesso ao v\u00eddeo do momento do espancamento ao professor da cidade de Serra Branca, no Cariri, Luiz Carlos Rodrigues, na tarde&hellip; <\/p>\n","protected":false},"author":2,"featured_media":154249,"comment_status":"closed","ping_status":"closed","sticky":false,"template":"","format":"standard","meta":{"sfsi_plus_gutenberg_text_before_share":"","sfsi_plus_gutenberg_show_text_before_share":"","sfsi_plus_gutenberg_icon_type":"","sfsi_plus_gutenberg_icon_alignemt":"","sfsi_plus_gutenburg_max_per_row":"","footnotes":""},"categories":[12],"tags":[],"class_list":["post-154247","post","type-post","status-publish","format-standard","has-post-thumbnail","hentry","category-policia"],"_links":{"self":[{"href":"https:\/\/www.caririemacao.com\/1\/wp-json\/wp\/v2\/posts\/154247","targetHints":{"allow":["GET"]}}],"collection":[{"href":"https:\/\/www.caririemacao.com\/1\/wp-json\/wp\/v2\/posts"}],"about":[{"href":"https:\/\/www.caririemacao.com\/1\/wp-json\/wp\/v2\/types\/post"}],"author":[{"embeddable":true,"href":"https:\/\/www.caririemacao.com\/1\/wp-json\/wp\/v2\/users\/2"}],"replies":[{"embeddable":true,"href":"https:\/\/www.caririemacao.com\/1\/wp-json\/wp\/v2\/comments?post=154247"}],"version-history":[{"count":1,"href":"https:\/\/www.caririemacao.com\/1\/wp-json\/wp\/v2\/posts\/154247\/revisions"}],"predecessor-version":[{"id":154250,"href":"https:\/\/www.caririemacao.com\/1\/wp-json\/wp\/v2\/posts\/154247\/revisions\/154250"}],"wp:featuredmedia":[{"embeddable":true,"href":"https:\/\/www.caririemacao.com\/1\/wp-json\/wp\/v2\/media\/154249"}],"wp:attachment":[{"href":"https:\/\/www.caririemacao.com\/1\/wp-json\/wp\/v2\/media?parent=154247"}],"wp:term":[{"taxonomy":"category","embeddable":true,"href":"https:\/\/www.caririemacao.com\/1\/wp-json\/wp\/v2\/categories?post=154247"},{"taxonomy":"post_tag","embeddable":true,"href":"https:\/\/www.caririemacao.com\/1\/wp-json\/wp\/v2\/tags?post=154247"}],"curies":[{"name":"wp","href":"https:\/\/api.w.org\/{rel}","templated":true}]}}