{"id":154248,"date":"2020-02-20T12:31:47","date_gmt":"2020-02-20T15:31:47","guid":{"rendered":"http:\/\/www.caririemacao.com\/1\/?p=154248"},"modified":"2020-02-20T12:31:49","modified_gmt":"2020-02-20T15:31:49","slug":"caraubas-secretaria-de-saude-promovera-palestras-para-jovens-e-adolescentes-no-distrito-de-barreiras","status":"publish","type":"post","link":"https:\/\/www.caririemacao.com\/1\/2020\/02\/20\/caraubas-secretaria-de-saude-promovera-palestras-para-jovens-e-adolescentes-no-distrito-de-barreiras\/","title":{"rendered":"Cara\u00fabas: Secretaria de Sa\u00fade promover\u00e1 palestras para jovens e adolescentes, no distrito de Barreiras"},"content":{"rendered":"\n<p>A Prefeitura Municipal de Cara\u00fabas, atrav\u00e9s da Secretaria da Sa\u00fade , juntamente com a equipe do Estrategia da Sa\u00fade da Fam\u00edlia do distrito de Barreiras. Onde estar\u00e3o realizando nesta quinta-feira (20), a partir das 19:00h, uma palestra sobre doen\u00e7as sexualmente transmiss\u00edveis e gravidez na adolesc\u00eancia, no distrito de Barreiras-Cara\u00fabas. <\/p>\n\n\n\n<p>O secret\u00e1rio da sa\u00fade, Leonardo En\u00e9as Almeida disse que a iniciativa in\u00e9dita partiu dos profissionais que fazem a ESFII, daquele Distrito, onde a diretora da UBSF, Claudiane Alves, reuniu a equipe e resolveram promover um evento voltado mais para o p\u00fablico jovem, uma vez que nunca foi realizado para esse tipo de p\u00fablico e de idade.<\/p>\n\n\n\n<p>&#8220;N\u00f3s percebemos a necessidade de orientar os mais jovens e adolescentes. Por isso estamos direcionando as palestras para o p\u00fablico em idade entre 12 e 19 anos, pois, verificamos um aumento gradativo dessas pessoas com doen\u00e7as e, principalmente, chegam a unidade gr\u00e1vidas. Ent\u00e3o vamos tratar de doen\u00e7as sexualmente transmiss\u00edveis e gravidez na adolesc\u00eancia, disse Claudiane Alves(Preta).<\/p>\n\n\n\n<p>De acordo com a programa\u00e7\u00e3o o evento ser\u00e1 realizado no per\u00edodo noturno, as 19h., no rol de entrada da Unidade da Sa\u00fade do Distrito de Barreiras. As palestras ser\u00e3o ministradas pelo enfermeiro Salatiel Freitas. Queremos aproveitar para convidar toda popula\u00e7\u00e3o do Distrito de Barreiras a comparecer a este importante evento que antecede a folia de carnaval, para que possamos repassar mais informa\u00e7\u00f5es a esse p\u00fablico alvo, concluiu ela.<\/p>\n\n\n\n<p>O secret\u00e1rio Leonardo Eneas disse que eventos como este engrandecem ainda mais a gest\u00e3o, pois, nunca \u00e9 demais orientar os nossos jovens sobre os cuidados que devem ser tomados com essas doen\u00e7as, bem como, evitar a gravidez na adolesc\u00eancia, algo que no munic\u00edpio de Cara\u00fabas percebemos que \u00e9 um pouco acima da m\u00e9dia para munic\u00edpios do nosso porte, afirmou ele.<\/p>\n\n\n\n<p>Informa\u00e7\u00f5es: Prefeitura de Cara\u00fabas<\/p>\n","protected":false},"excerpt":{"rendered":"<p>A Prefeitura Municipal de Cara\u00fabas, atrav\u00e9s da Secretaria da Sa\u00fade , juntamente com a equipe do Estrategia da Sa\u00fade da Fam\u00edlia do distrito de Barreiras.&hellip; <\/p>\n","protected":false},"author":1,"featured_media":154316,"comment_status":"closed","ping_status":"closed","sticky":false,"template":"","format":"standard","meta":{"sfsi_plus_gutenberg_text_before_share":"","sfsi_plus_gutenberg_show_text_before_share":"","sfsi_plus_gutenberg_icon_type":"","sfsi_plus_gutenberg_icon_alignemt":"","sfsi_plus_gutenburg_max_per_row":"","footnotes":""},"categories":[6,50],"tags":[],"class_list":["post-154248","post","type-post","status-publish","format-standard","has-post-thumbnail","hentry","category-cidades","category-destaque"],"_links":{"self":[{"href":"https:\/\/www.caririemacao.com\/1\/wp-json\/wp\/v2\/posts\/154248","targetHints":{"allow":["GET"]}}],"collection":[{"href":"https:\/\/www.caririemacao.com\/1\/wp-json\/wp\/v2\/posts"}],"about":[{"href":"https:\/\/www.caririemacao.com\/1\/wp-json\/wp\/v2\/types\/post"}],"author":[{"embeddable":true,"href":"https:\/\/www.caririemacao.com\/1\/wp-json\/wp\/v2\/users\/1"}],"replies":[{"embeddable":true,"href":"https:\/\/www.caririemacao.com\/1\/wp-json\/wp\/v2\/comments?post=154248"}],"version-history":[{"count":1,"href":"https:\/\/www.caririemacao.com\/1\/wp-json\/wp\/v2\/posts\/154248\/revisions"}],"predecessor-version":[{"id":154317,"href":"https:\/\/www.caririemacao.com\/1\/wp-json\/wp\/v2\/posts\/154248\/revisions\/154317"}],"wp:featuredmedia":[{"embeddable":true,"href":"https:\/\/www.caririemacao.com\/1\/wp-json\/wp\/v2\/media\/154316"}],"wp:attachment":[{"href":"https:\/\/www.caririemacao.com\/1\/wp-json\/wp\/v2\/media?parent=154248"}],"wp:term":[{"taxonomy":"category","embeddable":true,"href":"https:\/\/www.caririemacao.com\/1\/wp-json\/wp\/v2\/categories?post=154248"},{"taxonomy":"post_tag","embeddable":true,"href":"https:\/\/www.caririemacao.com\/1\/wp-json\/wp\/v2\/tags?post=154248"}],"curies":[{"name":"wp","href":"https:\/\/api.w.org\/{rel}","templated":true}]}}