{"id":154252,"date":"2020-02-20T07:48:28","date_gmt":"2020-02-20T10:48:28","guid":{"rendered":"http:\/\/www.caririemacao.com\/1\/?p=154252"},"modified":"2020-02-20T07:48:29","modified_gmt":"2020-02-20T10:48:29","slug":"prefeito-de-camalau-destaca-boa-relacao-com-o-vice-prefeito-e-destaca-uniao-do-grupo-politico","status":"publish","type":"post","link":"https:\/\/www.caririemacao.com\/1\/2020\/02\/20\/prefeito-de-camalau-destaca-boa-relacao-com-o-vice-prefeito-e-destaca-uniao-do-grupo-politico\/","title":{"rendered":"prefeito de Camala\u00fa destaca boa rela\u00e7\u00e3o com o vice-prefeito e destaca uni\u00e3o do grupo pol\u00edtico"},"content":{"rendered":"\n<p>O prefeito de Camala\u00fa, Sandro M\u00f4co, candidato \u00e0 reelei\u00e7\u00e3o, em entrevista ao Blog do Bruno Lira, falou sobre a boa rela\u00e7\u00e3o com o vice-prefeito, Ezequiel e da uni\u00e3o do grupo pol\u00edtico na cidade:<\/p>\n\n\n\n<p>\u201cTenho conversado com meu vice-prefeito, \u00e9 uma pessoa muito inteligente, \u00e9 um cara que com certeza vai somar ainda mais com o desenvolvimento da cidade\u201d, expressou.<\/p>\n\n\n\n<p>Sandro tamb\u00e9m afirmou que tem sempre dialogado com os vereadores e com as pessoas que pretende disputar um mandato na chapa proporcional nas elei\u00e7\u00f5es deste ano.<\/p>\n\n\n\n<p><strong>Veja o v\u00eddeo:<\/strong><\/p>\n\n\n\n<figure><iframe data-src=\"http:\/\/www.youtube.com\/embed\/NwDmuBeufDU?version=3&amp;rel=1&amp;fs=1&amp;autohide=2&amp;showsearch=0&amp;showinfo=1&amp;iv_load_policy=1&amp;wmode=transparent\" allowfullscreen=\"true\" src=\"data:image\/svg+xml;base64,PHN2ZyB3aWR0aD0iMSIgaGVpZ2h0PSIxIiB4bWxucz0iaHR0cDovL3d3dy53My5vcmcvMjAwMC9zdmciPjwvc3ZnPg==\" class=\"lazyload\" data-load-mode=\"1\"><\/iframe><\/figure>\n\n\n\n<p><strong>Blog do Bruno Lira<\/strong><\/p>\n","protected":false},"excerpt":{"rendered":"<p>O prefeito de Camala\u00fa, Sandro M\u00f4co, candidato \u00e0 reelei\u00e7\u00e3o, em entrevista ao Blog do Bruno Lira, falou sobre a boa rela\u00e7\u00e3o com o vice-prefeito, Ezequiel&hellip; <\/p>\n","protected":false},"author":2,"featured_media":154253,"comment_status":"closed","ping_status":"closed","sticky":false,"template":"","format":"standard","meta":{"sfsi_plus_gutenberg_text_before_share":"","sfsi_plus_gutenberg_show_text_before_share":"","sfsi_plus_gutenberg_icon_type":"","sfsi_plus_gutenberg_icon_alignemt":"","sfsi_plus_gutenburg_max_per_row":"","footnotes":""},"categories":[2],"tags":[],"class_list":["post-154252","post","type-post","status-publish","format-standard","has-post-thumbnail","hentry","category-geral"],"_links":{"self":[{"href":"https:\/\/www.caririemacao.com\/1\/wp-json\/wp\/v2\/posts\/154252","targetHints":{"allow":["GET"]}}],"collection":[{"href":"https:\/\/www.caririemacao.com\/1\/wp-json\/wp\/v2\/posts"}],"about":[{"href":"https:\/\/www.caririemacao.com\/1\/wp-json\/wp\/v2\/types\/post"}],"author":[{"embeddable":true,"href":"https:\/\/www.caririemacao.com\/1\/wp-json\/wp\/v2\/users\/2"}],"replies":[{"embeddable":true,"href":"https:\/\/www.caririemacao.com\/1\/wp-json\/wp\/v2\/comments?post=154252"}],"version-history":[{"count":1,"href":"https:\/\/www.caririemacao.com\/1\/wp-json\/wp\/v2\/posts\/154252\/revisions"}],"predecessor-version":[{"id":154254,"href":"https:\/\/www.caririemacao.com\/1\/wp-json\/wp\/v2\/posts\/154252\/revisions\/154254"}],"wp:featuredmedia":[{"embeddable":true,"href":"https:\/\/www.caririemacao.com\/1\/wp-json\/wp\/v2\/media\/154253"}],"wp:attachment":[{"href":"https:\/\/www.caririemacao.com\/1\/wp-json\/wp\/v2\/media?parent=154252"}],"wp:term":[{"taxonomy":"category","embeddable":true,"href":"https:\/\/www.caririemacao.com\/1\/wp-json\/wp\/v2\/categories?post=154252"},{"taxonomy":"post_tag","embeddable":true,"href":"https:\/\/www.caririemacao.com\/1\/wp-json\/wp\/v2\/tags?post=154252"}],"curies":[{"name":"wp","href":"https:\/\/api.w.org\/{rel}","templated":true}]}}