{"id":154258,"date":"2020-02-20T08:05:27","date_gmt":"2020-02-20T11:05:27","guid":{"rendered":"http:\/\/www.caririemacao.com\/1\/?p=154258"},"modified":"2020-02-20T08:05:28","modified_gmt":"2020-02-20T11:05:28","slug":"associacao-paraibana-de-imprensa-repudia-atitude-grosseira-de-wallber-virgolino-contra-jornalista","status":"publish","type":"post","link":"https:\/\/www.caririemacao.com\/1\/2020\/02\/20\/associacao-paraibana-de-imprensa-repudia-atitude-grosseira-de-wallber-virgolino-contra-jornalista\/","title":{"rendered":"Associa\u00e7\u00e3o Paraibana de Imprensa repudia atitude grosseira de Wallber Virgolino contra jornalista"},"content":{"rendered":"\n<p>A Associa\u00e7\u00e3o Paraibana de Imprensa (API) divulgou nota nesta quarta-feira (19) onde repudia a atitude grosseira do deputado estadual Wallber Virgolino contra jornalistas paraibanos. O legislador, inclusive, chegou a sugerir a instala\u00e7\u00e3o de uma Comiss\u00e3o Parlamentar de Inqu\u00e9rito (CPI) para investigar supostos atos anti\u00e9ticos praticados por profissionais da imprensa. Na nota, a API se coloca \u00e0 disposi\u00e7\u00e3o do jornalista Eliabe Castor que foi insultado por Wallber.&nbsp;<\/p>\n\n\n\n<p><em>Nota<\/em><\/p>\n\n\n\n<p><em>A Associa\u00e7\u00e3o Paraibana de Imprensa (API) vem a p\u00fablico externar seu total rep\u00fadio a forma grosseira e em tom amea\u00e7ador com que o deputado estadual Walber Virgolino (Patriotas) se dirigiu ao jornalista Eliabe Castor, do portal PBAgora.<\/em><\/p>\n\n\n\n<p><em>Walber tem feito acusa\u00e7\u00f5es \u00e0 imprensa paraibana de forma generalizada e sem apontar nomes de profissionais e\/ou empresas de comunica\u00e7\u00e3o que agem de forma anti\u00e9tica.<\/em><\/p>\n\n\n\n<p><em>O parlamentar foi citado em artigo escrito pelo jornalista Eliabe Castor e publicado no site PBAgora com cr\u00edticas \u00e0s suas declara\u00e7\u00f5es. Em nenhum momento do artigo, o jornalista atinge a honra do parlamentar, ao contr\u00e1rio, apresenta at\u00e9 alguns elogios \u00e0 pessoa de Walber Virgolino.<\/em><\/p>\n\n\n\n<p><em>Por\u00e9m, o parlamentar reagiu de forma extempor\u00e2nea, com grosseria e em tom amea\u00e7ador afirmando que resolve seus atritos \u201cna bala\u201d.<\/em><\/p>\n\n\n\n<p><em>Todos n\u00f3s que fazemos a API e a imprensa livre no Estado da Para\u00edba e no Brasil, repudiamos tal postura e nos colocamos \u00e0 disposi\u00e7\u00e3o do jornalista Eliabe Castor para toda e qualquer atitude que ele deseje tomar com rela\u00e7\u00e3o a este fato.<\/em><\/p>\n\n\n\n<p><em>Destacamos ainda que a Imprensa no Brasil sempre foi protagonista nos momentos bons e ruins da hist\u00f3ria do pa\u00eds, e mais uma vez iremos resistir e sair mais fortes dessa onda de ataques promovidas por pol\u00edticos.<\/em><\/p>\n\n\n\n<p><em>A Diretoria<\/em><\/p>\n","protected":false},"excerpt":{"rendered":"<p>A Associa\u00e7\u00e3o Paraibana de Imprensa (API) divulgou nota nesta quarta-feira (19) onde repudia a atitude grosseira do deputado estadual Wallber Virgolino contra jornalistas paraibanos. O&hellip; <\/p>\n","protected":false},"author":2,"featured_media":3891,"comment_status":"closed","ping_status":"closed","sticky":false,"template":"","format":"standard","meta":{"sfsi_plus_gutenberg_text_before_share":"","sfsi_plus_gutenberg_show_text_before_share":"","sfsi_plus_gutenberg_icon_type":"","sfsi_plus_gutenberg_icon_alignemt":"","sfsi_plus_gutenburg_max_per_row":"","footnotes":""},"categories":[2],"tags":[],"class_list":["post-154258","post","type-post","status-publish","format-standard","has-post-thumbnail","hentry","category-geral"],"_links":{"self":[{"href":"https:\/\/www.caririemacao.com\/1\/wp-json\/wp\/v2\/posts\/154258","targetHints":{"allow":["GET"]}}],"collection":[{"href":"https:\/\/www.caririemacao.com\/1\/wp-json\/wp\/v2\/posts"}],"about":[{"href":"https:\/\/www.caririemacao.com\/1\/wp-json\/wp\/v2\/types\/post"}],"author":[{"embeddable":true,"href":"https:\/\/www.caririemacao.com\/1\/wp-json\/wp\/v2\/users\/2"}],"replies":[{"embeddable":true,"href":"https:\/\/www.caririemacao.com\/1\/wp-json\/wp\/v2\/comments?post=154258"}],"version-history":[{"count":1,"href":"https:\/\/www.caririemacao.com\/1\/wp-json\/wp\/v2\/posts\/154258\/revisions"}],"predecessor-version":[{"id":154259,"href":"https:\/\/www.caririemacao.com\/1\/wp-json\/wp\/v2\/posts\/154258\/revisions\/154259"}],"wp:featuredmedia":[{"embeddable":true,"href":"https:\/\/www.caririemacao.com\/1\/wp-json\/wp\/v2\/media\/3891"}],"wp:attachment":[{"href":"https:\/\/www.caririemacao.com\/1\/wp-json\/wp\/v2\/media?parent=154258"}],"wp:term":[{"taxonomy":"category","embeddable":true,"href":"https:\/\/www.caririemacao.com\/1\/wp-json\/wp\/v2\/categories?post=154258"},{"taxonomy":"post_tag","embeddable":true,"href":"https:\/\/www.caririemacao.com\/1\/wp-json\/wp\/v2\/tags?post=154258"}],"curies":[{"name":"wp","href":"https:\/\/api.w.org\/{rel}","templated":true}]}}