{"id":154261,"date":"2020-02-20T08:06:47","date_gmt":"2020-02-20T11:06:47","guid":{"rendered":"http:\/\/www.caririemacao.com\/1\/?p=154261"},"modified":"2020-02-20T08:06:50","modified_gmt":"2020-02-20T11:06:50","slug":"moradores-do-sitio-garapa-oferecem-almoco-de-agradecimento-a-prefeita-lorena-e-confirmam-apoio-incondicional-ao-seu-projeto-de-reeleicao","status":"publish","type":"post","link":"https:\/\/www.caririemacao.com\/1\/2020\/02\/20\/moradores-do-sitio-garapa-oferecem-almoco-de-agradecimento-a-prefeita-lorena-e-confirmam-apoio-incondicional-ao-seu-projeto-de-reeleicao\/","title":{"rendered":"Moradores do s\u00edtio Garapa oferecem almo\u00e7o de agradecimento \u00e0 prefeita Lorena e confirmam apoio incondicional ao seu projeto de reelei\u00e7\u00e3o"},"content":{"rendered":"\n<figure class=\"wp-block-image\"><a href=\"https:\/\/1.bp.blogspot.com\/-60eVLoKIoCw\/Xk3Hkd6djEI\/AAAAAAAAHlE\/Nteiid95CfEaJJsj4TPn4B6RW8JgeXVjgCLcBGAsYHQ\/s1600\/11.jpg\"><img decoding=\"async\" data-src=\"https:\/\/1.bp.blogspot.com\/-60eVLoKIoCw\/Xk3Hkd6djEI\/AAAAAAAAHlE\/Nteiid95CfEaJJsj4TPn4B6RW8JgeXVjgCLcBGAsYHQ\/s280\/11.jpg\" alt=\"\" src=\"data:image\/svg+xml;base64,PHN2ZyB3aWR0aD0iMSIgaGVpZ2h0PSIxIiB4bWxucz0iaHR0cDovL3d3dy53My5vcmcvMjAwMC9zdmciPjwvc3ZnPg==\" class=\"lazyload\" \/><\/a><\/figure>\n\n\n\n<figure class=\"wp-block-image\"><a href=\"https:\/\/1.bp.blogspot.com\/-NClstNuuwgM\/Xk3HkRrTlNI\/AAAAAAAAHlI\/Q4VlQf1KdjEmqbkHCYUgt-1hVoZ4MonCACLcBGAsYHQ\/s1600\/1.jpg\"><img decoding=\"async\" data-src=\"https:\/\/1.bp.blogspot.com\/-NClstNuuwgM\/Xk3HkRrTlNI\/AAAAAAAAHlI\/Q4VlQf1KdjEmqbkHCYUgt-1hVoZ4MonCACLcBGAsYHQ\/s280\/1.jpg\" alt=\"\" src=\"data:image\/svg+xml;base64,PHN2ZyB3aWR0aD0iMSIgaGVpZ2h0PSIxIiB4bWxucz0iaHR0cDovL3d3dy53My5vcmcvMjAwMC9zdmciPjwvc3ZnPg==\" class=\"lazyload\" \/><\/a><\/figure>\n\n\n\n<p>Moradores da comunidade do Garapa, convidaram a prefeita de Monteiro Anna Lorena para um almo\u00e7o de confraterniza\u00e7\u00e3o.<br>O objetivo era agradecer a implanta\u00e7\u00e3o de campos produtivos na comunidade. Os benefici\u00e1rios foram atendidos atrav\u00e9s do PROCASE, gra\u00e7as \u00e0 parceria firmada entre governo do estado e gest\u00e3o municipal.<br>Na ocasi\u00e3o, a gestora agradeceu o carinho e reafirmou o compromisso de lutar por melhorias n\u00e3o s\u00f3 para a comunidade do Garapa, mas sim de toda a zona rural de Monteiro.<br>Dona C\u00e9lia, que recebeu a prefeita e sua comitiva em sua resid\u00eancia, disse que estava muito feliz, pois nunca nenhum prefeito tinha sequer pisado em sua casa.<br>\u201cFoi uma honra comer galinha de capoeira com Lorena de Dr. Chico e toda a sua comitiva\u201d, disse a produtora rural.<br>Na oportunidade, todos os moradores presentes declararam seu apoio incondicional ao projeto de reelei\u00e7\u00e3o de Lorena que j\u00e1 anunciou que \u00e9 pr\u00e9-candidata \u00e0 prefeita.<br>Estiveram presentes tamb\u00e9m na confraterniza\u00e7\u00e3o, a representante do PROCASE na regi\u00e3o, J\u00f3ia, os vereadores Caj\u00f3 Menezes, Presidente da C\u00e2mara, Toinho de Nequinho e H\u00e9lio Sandro, a secretaria de a\u00e7\u00e3o social Rosa Aleixo, e o vice prefeito Celecileno Alves.<br><strong>F\u00c1BIO BRITO<\/strong><\/p>\n","protected":false},"excerpt":{"rendered":"<p>Moradores da comunidade do Garapa, convidaram a prefeita de Monteiro Anna Lorena para um almo\u00e7o de confraterniza\u00e7\u00e3o.O objetivo era agradecer a implanta\u00e7\u00e3o de campos produtivos&hellip; <\/p>\n","protected":false},"author":2,"featured_media":154262,"comment_status":"closed","ping_status":"closed","sticky":false,"template":"","format":"standard","meta":{"sfsi_plus_gutenberg_text_before_share":"","sfsi_plus_gutenberg_show_text_before_share":"","sfsi_plus_gutenberg_icon_type":"","sfsi_plus_gutenberg_icon_alignemt":"","sfsi_plus_gutenburg_max_per_row":"","footnotes":""},"categories":[2],"tags":[],"class_list":["post-154261","post","type-post","status-publish","format-standard","has-post-thumbnail","hentry","category-geral"],"_links":{"self":[{"href":"https:\/\/www.caririemacao.com\/1\/wp-json\/wp\/v2\/posts\/154261","targetHints":{"allow":["GET"]}}],"collection":[{"href":"https:\/\/www.caririemacao.com\/1\/wp-json\/wp\/v2\/posts"}],"about":[{"href":"https:\/\/www.caririemacao.com\/1\/wp-json\/wp\/v2\/types\/post"}],"author":[{"embeddable":true,"href":"https:\/\/www.caririemacao.com\/1\/wp-json\/wp\/v2\/users\/2"}],"replies":[{"embeddable":true,"href":"https:\/\/www.caririemacao.com\/1\/wp-json\/wp\/v2\/comments?post=154261"}],"version-history":[{"count":1,"href":"https:\/\/www.caririemacao.com\/1\/wp-json\/wp\/v2\/posts\/154261\/revisions"}],"predecessor-version":[{"id":154263,"href":"https:\/\/www.caririemacao.com\/1\/wp-json\/wp\/v2\/posts\/154261\/revisions\/154263"}],"wp:featuredmedia":[{"embeddable":true,"href":"https:\/\/www.caririemacao.com\/1\/wp-json\/wp\/v2\/media\/154262"}],"wp:attachment":[{"href":"https:\/\/www.caririemacao.com\/1\/wp-json\/wp\/v2\/media?parent=154261"}],"wp:term":[{"taxonomy":"category","embeddable":true,"href":"https:\/\/www.caririemacao.com\/1\/wp-json\/wp\/v2\/categories?post=154261"},{"taxonomy":"post_tag","embeddable":true,"href":"https:\/\/www.caririemacao.com\/1\/wp-json\/wp\/v2\/tags?post=154261"}],"curies":[{"name":"wp","href":"https:\/\/api.w.org\/{rel}","templated":true}]}}