{"id":154264,"date":"2020-02-20T08:08:02","date_gmt":"2020-02-20T11:08:02","guid":{"rendered":"http:\/\/www.caririemacao.com\/1\/?p=154264"},"modified":"2020-02-20T08:08:04","modified_gmt":"2020-02-20T11:08:04","slug":"prefeitura-de-prata-inicia-reforma-da-creche-tia-mocinha","status":"publish","type":"post","link":"https:\/\/www.caririemacao.com\/1\/2020\/02\/20\/prefeitura-de-prata-inicia-reforma-da-creche-tia-mocinha\/","title":{"rendered":"Prefeitura de Prata inicia reforma da Creche Tia Mocinha"},"content":{"rendered":"\n<p>J\u00e1 n\u00e3o \u00e9 mais novidade hoje, a imprensa divulgar a precariedade da educa\u00e7\u00e3o no Estado e no pa\u00eds. Em Prata, a hist\u00f3ria \u00e9 diferente.&nbsp;<br>Na Prata, a educa\u00e7\u00e3o \u00e9 tratada com uma das principais prioridades pelo poder municipal.<br>Dando continuidade ao trabalho da educa\u00e7\u00e3o de qualidade a prefeito Junior N\u00f3brega&nbsp;&nbsp;deu inicio neste m\u00eas a reforma da Creche Tia Mocinha.<br>Em breve a conclus\u00e3o dessa reforma ser\u00e1 mais uma tranquilidade para os pais das crian\u00e7as matriculadas naquela institui\u00e7\u00e3o, que ter\u00e3o a certeza que seus filhos estar\u00e3o em um lugar seguro e agrad\u00e1vel em seu crescimento e aprendizado.<strong><br><\/strong><strong>Com PORTALCARIRIPB<\/strong><\/p>\n","protected":false},"excerpt":{"rendered":"<p>J\u00e1 n\u00e3o \u00e9 mais novidade hoje, a imprensa divulgar a precariedade da educa\u00e7\u00e3o no Estado e no pa\u00eds. Em Prata, a hist\u00f3ria \u00e9 diferente.&nbsp;Na Prata,&hellip; <\/p>\n","protected":false},"author":2,"featured_media":154265,"comment_status":"closed","ping_status":"closed","sticky":false,"template":"","format":"standard","meta":{"sfsi_plus_gutenberg_text_before_share":"","sfsi_plus_gutenberg_show_text_before_share":"","sfsi_plus_gutenberg_icon_type":"","sfsi_plus_gutenberg_icon_alignemt":"","sfsi_plus_gutenburg_max_per_row":"","footnotes":""},"categories":[2],"tags":[],"class_list":["post-154264","post","type-post","status-publish","format-standard","has-post-thumbnail","hentry","category-geral"],"_links":{"self":[{"href":"https:\/\/www.caririemacao.com\/1\/wp-json\/wp\/v2\/posts\/154264","targetHints":{"allow":["GET"]}}],"collection":[{"href":"https:\/\/www.caririemacao.com\/1\/wp-json\/wp\/v2\/posts"}],"about":[{"href":"https:\/\/www.caririemacao.com\/1\/wp-json\/wp\/v2\/types\/post"}],"author":[{"embeddable":true,"href":"https:\/\/www.caririemacao.com\/1\/wp-json\/wp\/v2\/users\/2"}],"replies":[{"embeddable":true,"href":"https:\/\/www.caririemacao.com\/1\/wp-json\/wp\/v2\/comments?post=154264"}],"version-history":[{"count":1,"href":"https:\/\/www.caririemacao.com\/1\/wp-json\/wp\/v2\/posts\/154264\/revisions"}],"predecessor-version":[{"id":154266,"href":"https:\/\/www.caririemacao.com\/1\/wp-json\/wp\/v2\/posts\/154264\/revisions\/154266"}],"wp:featuredmedia":[{"embeddable":true,"href":"https:\/\/www.caririemacao.com\/1\/wp-json\/wp\/v2\/media\/154265"}],"wp:attachment":[{"href":"https:\/\/www.caririemacao.com\/1\/wp-json\/wp\/v2\/media?parent=154264"}],"wp:term":[{"taxonomy":"category","embeddable":true,"href":"https:\/\/www.caririemacao.com\/1\/wp-json\/wp\/v2\/categories?post=154264"},{"taxonomy":"post_tag","embeddable":true,"href":"https:\/\/www.caririemacao.com\/1\/wp-json\/wp\/v2\/tags?post=154264"}],"curies":[{"name":"wp","href":"https:\/\/api.w.org\/{rel}","templated":true}]}}