{"id":154268,"date":"2020-02-20T08:09:16","date_gmt":"2020-02-20T11:09:16","guid":{"rendered":"http:\/\/www.caririemacao.com\/1\/?p=154268"},"modified":"2020-02-20T08:09:18","modified_gmt":"2020-02-20T11:09:18","slug":"monteiro-ganhara-sede-moderna-e-ampliada-para-a-7a-ciretran-em-parceria-com-empresarios-prefeitura-e-estado","status":"publish","type":"post","link":"https:\/\/www.caririemacao.com\/1\/2020\/02\/20\/monteiro-ganhara-sede-moderna-e-ampliada-para-a-7a-ciretran-em-parceria-com-empresarios-prefeitura-e-estado\/","title":{"rendered":"Monteiro ganhar\u00e1 sede moderna e ampliada para a 7\u00aa Ciretran em parceria com empres\u00e1rios, Prefeitura e Estado"},"content":{"rendered":"\n<p>A prefeita da cidade de Monteiro, Anna Lorena, esteve na tarde desta ter\u00e7a-feira, 18, juntamente com a secret\u00e1ria de Planejamento, Waldirene Alves, dos empres\u00e1rios M\u00e1rio e Ronaldo, para juntamente com o superintendente estadual do Detran, Agamenon Vieira, visitando o local onde ser\u00e1 constru\u00edda a nova sede da 7\u00aa Ciretran.<br>A visita e o an\u00fancio do local foram feitos atrav\u00e9s das redes sociais da prefeita Anna Lorena, que na oportunidade informou que os recursos j\u00e1 est\u00e3o garantidos pelo governador do Estado, Jo\u00e3o Azevedo, para a constru\u00e7\u00e3o e funcionamento da 7\u00aa Ciretran.<br>De acordo com o superintendente Agamenon Vieira, a constru\u00e7\u00e3o da nova sede beneficiar\u00e1 Monteiro e cidades vizinhas, tendo em vista que com a entrega da obra diversos servi\u00e7os ser\u00e3o agregados, desobrigando assim que a popula\u00e7\u00e3o precise recorrer a centros como Campina Grande para a resolu\u00e7\u00e3o de quest\u00f5es ligadas ao \u00f3rg\u00e3o.<br>Anna Lorena ainda fez quest\u00e3o de agradecer tanto ao superintendente, quanto ao governador do estado, mais este benef\u00edcio que \u00e9 fruto de uma parceria que tem fornecido a Monteiro o apoio para a implanta\u00e7\u00e3o e funcionamento de diversos \u00f3rg\u00e3os, beneficiando diretamente a popula\u00e7\u00e3o monteirense, e de munic\u00edpios adjacentes.<br><strong>A 7\u00aa Ciretran<\/strong><strong><br><\/strong>O \u00f3rg\u00e3o t\u00eam atua\u00e7\u00e3o no munic\u00edpio de Monteiro, atendendo tamb\u00e9m os munic\u00edpios do Cariri. No local os interessados poder\u00e3o realizar consultas como: multas recebidas ou pontos perdidos na CNH,&nbsp;&nbsp;informa\u00e7\u00f5es sobre os ve\u00edculos como IPVA, Seguro DPVAT, ou at\u00e9 mesmo o licenciamento. Al\u00e9m disso, a Ciretran realiza emiss\u00e3o de CNH, bem como a apreens\u00e3o da carteira ou de ve\u00edculos.<\/p>\n","protected":false},"excerpt":{"rendered":"<p>A prefeita da cidade de Monteiro, Anna Lorena, esteve na tarde desta ter\u00e7a-feira, 18, juntamente com a secret\u00e1ria de Planejamento, Waldirene Alves, dos empres\u00e1rios M\u00e1rio&hellip; <\/p>\n","protected":false},"author":2,"featured_media":154269,"comment_status":"closed","ping_status":"closed","sticky":false,"template":"","format":"standard","meta":{"sfsi_plus_gutenberg_text_before_share":"","sfsi_plus_gutenberg_show_text_before_share":"","sfsi_plus_gutenberg_icon_type":"","sfsi_plus_gutenberg_icon_alignemt":"","sfsi_plus_gutenburg_max_per_row":"","footnotes":""},"categories":[2],"tags":[],"class_list":["post-154268","post","type-post","status-publish","format-standard","has-post-thumbnail","hentry","category-geral"],"_links":{"self":[{"href":"https:\/\/www.caririemacao.com\/1\/wp-json\/wp\/v2\/posts\/154268","targetHints":{"allow":["GET"]}}],"collection":[{"href":"https:\/\/www.caririemacao.com\/1\/wp-json\/wp\/v2\/posts"}],"about":[{"href":"https:\/\/www.caririemacao.com\/1\/wp-json\/wp\/v2\/types\/post"}],"author":[{"embeddable":true,"href":"https:\/\/www.caririemacao.com\/1\/wp-json\/wp\/v2\/users\/2"}],"replies":[{"embeddable":true,"href":"https:\/\/www.caririemacao.com\/1\/wp-json\/wp\/v2\/comments?post=154268"}],"version-history":[{"count":1,"href":"https:\/\/www.caririemacao.com\/1\/wp-json\/wp\/v2\/posts\/154268\/revisions"}],"predecessor-version":[{"id":154270,"href":"https:\/\/www.caririemacao.com\/1\/wp-json\/wp\/v2\/posts\/154268\/revisions\/154270"}],"wp:featuredmedia":[{"embeddable":true,"href":"https:\/\/www.caririemacao.com\/1\/wp-json\/wp\/v2\/media\/154269"}],"wp:attachment":[{"href":"https:\/\/www.caririemacao.com\/1\/wp-json\/wp\/v2\/media?parent=154268"}],"wp:term":[{"taxonomy":"category","embeddable":true,"href":"https:\/\/www.caririemacao.com\/1\/wp-json\/wp\/v2\/categories?post=154268"},{"taxonomy":"post_tag","embeddable":true,"href":"https:\/\/www.caririemacao.com\/1\/wp-json\/wp\/v2\/tags?post=154268"}],"curies":[{"name":"wp","href":"https:\/\/api.w.org\/{rel}","templated":true}]}}