{"id":154271,"date":"2020-02-20T08:13:44","date_gmt":"2020-02-20T11:13:44","guid":{"rendered":"http:\/\/www.caririemacao.com\/1\/?p=154271"},"modified":"2020-02-20T08:13:45","modified_gmt":"2020-02-20T11:13:45","slug":"saude-com-folia-ubs-07-de-monteiro-comemora-carnaval-com-usuarios-da-unidade","status":"publish","type":"post","link":"https:\/\/www.caririemacao.com\/1\/2020\/02\/20\/saude-com-folia-ubs-07-de-monteiro-comemora-carnaval-com-usuarios-da-unidade\/","title":{"rendered":"Sa\u00fade com Folia: UBS 07 de Monteiro comemora carnaval com usu\u00e1rios da unidade"},"content":{"rendered":"\n<p>Na tarde desta ter\u00e7a-feira (18) a Unidade B\u00e1sica de Sa\u00fade 07, localizada no bairro Alto da Bela Vista, comemorou com muita m\u00fasica, alegria e brincadeiras, o carnaval da unidade, junto com os usu\u00e1rios e a popula\u00e7\u00e3o do bairro.<\/p>\n\n\n\n<p>O evento contou com a participa\u00e7\u00e3o de todos os profissionais da UBS, que se vestiram \u00e0 car\u00e1ter para recepcionar os papais, mam\u00e3es e as crian\u00e7as que se divertiram com as brincadeiras e &nbsp;anima\u00e7\u00e3o da Tia Marcita, que fez a alegria principalmente da crian\u00e7ada.<\/p>\n\n\n\n<div class=\"wp-block-image\"><figure class=\"alignleft\"><img decoding=\"async\" data-src=\"https:\/\/i1.wp.com\/www.vitrinedocariri.com.br\/wp-content\/uploads\/2020\/02\/Carnaval-PSF-0712.jpeg?resize=300%2C200&amp;ssl=1\" alt=\"\" class=\"wp-image-64526 lazyload\" src=\"data:image\/svg+xml;base64,PHN2ZyB3aWR0aD0iMSIgaGVpZ2h0PSIxIiB4bWxucz0iaHR0cDovL3d3dy53My5vcmcvMjAwMC9zdmciPjwvc3ZnPg==\" \/><\/figure><\/div>\n\n\n\n<p>Para a Diretora da Unidade, Marcela Galdino, o momento foi muito especial n\u00e3o s\u00f3 para os profissionais, mais tamb\u00e9m para as fam\u00edlias que fazem uso dos servi\u00e7os oferecido pela&nbsp;unidade de sa\u00fade, e que, poder ver a alegria de todos, \u00e9 um combust\u00edvel para que, cada vez mais, possamos realizar esses momentos.<\/p>\n\n\n\n<p>\u201cPara mim \u00e9 um momento muito especial, poder ver a alegria de todos e saber que podemos contar com o apoio dos profissionais para realiza\u00e7\u00e3o do nosso carnaval. Trazendo alegria para as fam\u00edlias que utilizam dos nossos servi\u00e7os, isso nos fortalece e nos d\u00e1 mais combust\u00edvel para fazer sempre um carnaval cada vez melhor\u201d, disse Marcela.<\/p>\n\n\n\n<div class=\"wp-block-image\"><figure class=\"alignleft\"><img decoding=\"async\" data-src=\"https:\/\/i1.wp.com\/www.vitrinedocariri.com.br\/wp-content\/uploads\/2020\/02\/Carnaval-PSF-0722.jpeg?resize=300%2C200&amp;ssl=1\" alt=\"\" class=\"wp-image-64527 lazyload\" src=\"data:image\/svg+xml;base64,PHN2ZyB3aWR0aD0iMSIgaGVpZ2h0PSIxIiB4bWxucz0iaHR0cDovL3d3dy53My5vcmcvMjAwMC9zdmciPjwvc3ZnPg==\" \/><\/figure><\/div>\n\n\n\n<p>A prefeita Anna Lorena, acompanhada de vereadores e secret\u00e1rios, participaram da divers\u00e3o e junto com as fam\u00edlias cantaram, brincaram e se divertiram no carnaval da UBS 07. Na ocasi\u00e3o a &nbsp;Prefeita destacou a import\u00e2ncia de realizar eventos como esse e compartilhar com as fam\u00edlias monteirense a alegria de um carnaval cada vez melhor.<\/p>\n\n\n\n<p>\u201cHoje a unidade de sa\u00fade 07, realiza mais um carnaval com as fam\u00edlias que s\u00e3o atendidas aqui, momento em que todos os profissionais se unem para proporcionar a alegria e a divers\u00e3o para todos, por isso, destaco a import\u00e2ncia de realizar eventos como esse, realizando momentos cada vez melhor para os nosso monteirenses\u201d, disse Anna Lorena \u2013 Prefeita de Monteiro.<\/p>\n","protected":false},"excerpt":{"rendered":"<p>Na tarde desta ter\u00e7a-feira (18) a Unidade B\u00e1sica de Sa\u00fade 07, localizada no bairro Alto da Bela Vista, comemorou com muita m\u00fasica, alegria e brincadeiras,&hellip; <\/p>\n","protected":false},"author":2,"featured_media":154272,"comment_status":"closed","ping_status":"closed","sticky":false,"template":"","format":"standard","meta":{"sfsi_plus_gutenberg_text_before_share":"","sfsi_plus_gutenberg_show_text_before_share":"","sfsi_plus_gutenberg_icon_type":"","sfsi_plus_gutenberg_icon_alignemt":"","sfsi_plus_gutenburg_max_per_row":"","footnotes":""},"categories":[16],"tags":[],"class_list":["post-154271","post","type-post","status-publish","format-standard","has-post-thumbnail","hentry","category-saude"],"_links":{"self":[{"href":"https:\/\/www.caririemacao.com\/1\/wp-json\/wp\/v2\/posts\/154271","targetHints":{"allow":["GET"]}}],"collection":[{"href":"https:\/\/www.caririemacao.com\/1\/wp-json\/wp\/v2\/posts"}],"about":[{"href":"https:\/\/www.caririemacao.com\/1\/wp-json\/wp\/v2\/types\/post"}],"author":[{"embeddable":true,"href":"https:\/\/www.caririemacao.com\/1\/wp-json\/wp\/v2\/users\/2"}],"replies":[{"embeddable":true,"href":"https:\/\/www.caririemacao.com\/1\/wp-json\/wp\/v2\/comments?post=154271"}],"version-history":[{"count":1,"href":"https:\/\/www.caririemacao.com\/1\/wp-json\/wp\/v2\/posts\/154271\/revisions"}],"predecessor-version":[{"id":154273,"href":"https:\/\/www.caririemacao.com\/1\/wp-json\/wp\/v2\/posts\/154271\/revisions\/154273"}],"wp:featuredmedia":[{"embeddable":true,"href":"https:\/\/www.caririemacao.com\/1\/wp-json\/wp\/v2\/media\/154272"}],"wp:attachment":[{"href":"https:\/\/www.caririemacao.com\/1\/wp-json\/wp\/v2\/media?parent=154271"}],"wp:term":[{"taxonomy":"category","embeddable":true,"href":"https:\/\/www.caririemacao.com\/1\/wp-json\/wp\/v2\/categories?post=154271"},{"taxonomy":"post_tag","embeddable":true,"href":"https:\/\/www.caririemacao.com\/1\/wp-json\/wp\/v2\/tags?post=154271"}],"curies":[{"name":"wp","href":"https:\/\/api.w.org\/{rel}","templated":true}]}}