{"id":154274,"date":"2020-02-20T08:16:50","date_gmt":"2020-02-20T11:16:50","guid":{"rendered":"http:\/\/www.caririemacao.com\/1\/?p=154274"},"modified":"2020-02-20T08:16:51","modified_gmt":"2020-02-20T11:16:51","slug":"na-paraiba-crianca-de-1-ano-morre-afogada-dentro-de-balde","status":"publish","type":"post","link":"https:\/\/www.caririemacao.com\/1\/2020\/02\/20\/na-paraiba-crianca-de-1-ano-morre-afogada-dentro-de-balde\/","title":{"rendered":"NA PARA\u00cdBA: Crian\u00e7a de 1 ano morre afogada dentro de balde"},"content":{"rendered":"\n<p>Uma menina de um ano e 4 meses morreu na tarde desta ter\u00e7a-feira (18), ap\u00f3s se afogar em um balde com \u00e1gua, em Jo\u00e3o Pessoa. Segundo informa\u00e7\u00f5es do Servi\u00e7o de Atendimento M\u00f3vel de Urg\u00eancia (Samu), testemunhas contaram que a crian\u00e7a brincava no recipiente quando o acidente aconteceu.<\/p>\n\n\n\n<p>Quando a equipe m\u00e9dica chegou at\u00e9 o local onde o afogamento aconteceu, a garota j\u00e1 apresentava dificuldades para respirar.<\/p>\n\n\n\n<p>Familiares, vizinhos e m\u00e9dicos tentaram reanimar a menina que n\u00e3o resistiu e faleceu antes de chegar ao Hospital de Emerg\u00eancia e Trauma de Jo\u00e3o Pessoa.<\/p>\n\n\n\n<p><em>G1 PB<\/em><\/p>\n","protected":false},"excerpt":{"rendered":"<p>Uma menina de um ano e 4 meses morreu na tarde desta ter\u00e7a-feira (18), ap\u00f3s se afogar em um balde com \u00e1gua, em Jo\u00e3o Pessoa.&hellip; <\/p>\n","protected":false},"author":2,"featured_media":150992,"comment_status":"closed","ping_status":"closed","sticky":false,"template":"","format":"standard","meta":{"sfsi_plus_gutenberg_text_before_share":"","sfsi_plus_gutenberg_show_text_before_share":"","sfsi_plus_gutenberg_icon_type":"","sfsi_plus_gutenberg_icon_alignemt":"","sfsi_plus_gutenburg_max_per_row":"","footnotes":""},"categories":[2],"tags":[],"class_list":["post-154274","post","type-post","status-publish","format-standard","has-post-thumbnail","hentry","category-geral"],"_links":{"self":[{"href":"https:\/\/www.caririemacao.com\/1\/wp-json\/wp\/v2\/posts\/154274","targetHints":{"allow":["GET"]}}],"collection":[{"href":"https:\/\/www.caririemacao.com\/1\/wp-json\/wp\/v2\/posts"}],"about":[{"href":"https:\/\/www.caririemacao.com\/1\/wp-json\/wp\/v2\/types\/post"}],"author":[{"embeddable":true,"href":"https:\/\/www.caririemacao.com\/1\/wp-json\/wp\/v2\/users\/2"}],"replies":[{"embeddable":true,"href":"https:\/\/www.caririemacao.com\/1\/wp-json\/wp\/v2\/comments?post=154274"}],"version-history":[{"count":1,"href":"https:\/\/www.caririemacao.com\/1\/wp-json\/wp\/v2\/posts\/154274\/revisions"}],"predecessor-version":[{"id":154276,"href":"https:\/\/www.caririemacao.com\/1\/wp-json\/wp\/v2\/posts\/154274\/revisions\/154276"}],"wp:featuredmedia":[{"embeddable":true,"href":"https:\/\/www.caririemacao.com\/1\/wp-json\/wp\/v2\/media\/150992"}],"wp:attachment":[{"href":"https:\/\/www.caririemacao.com\/1\/wp-json\/wp\/v2\/media?parent=154274"}],"wp:term":[{"taxonomy":"category","embeddable":true,"href":"https:\/\/www.caririemacao.com\/1\/wp-json\/wp\/v2\/categories?post=154274"},{"taxonomy":"post_tag","embeddable":true,"href":"https:\/\/www.caririemacao.com\/1\/wp-json\/wp\/v2\/tags?post=154274"}],"curies":[{"name":"wp","href":"https:\/\/api.w.org\/{rel}","templated":true}]}}