{"id":154278,"date":"2020-02-20T09:19:05","date_gmt":"2020-02-20T12:19:05","guid":{"rendered":"http:\/\/www.caririemacao.com\/1\/?p=154278"},"modified":"2020-02-20T09:19:07","modified_gmt":"2020-02-20T12:19:07","slug":"%e2%80%8bdelegados-e-peritos-negam-adesao-a-paralisacao-e-garantem-delegacias-abertas","status":"publish","type":"post","link":"https:\/\/www.caririemacao.com\/1\/2020\/02\/20\/%e2%80%8bdelegados-e-peritos-negam-adesao-a-paralisacao-e-garantem-delegacias-abertas\/","title":{"rendered":"\u200bDelegados e peritos negam ades\u00e3o \u00e0 paralisa\u00e7\u00e3o e garantem delegacias abertas"},"content":{"rendered":"\n<p>Delegados e peritos negaram em nota divulgada nesta quarta-feira (19) a possibilidade de ades\u00e3o \u00e0 paralisa\u00e7\u00e3o da pol\u00edcia que anunciou greve de 12h para pressionar o governo acerca de demandas da categoria.<\/p>\n\n\n\n<p>De acordo com a&nbsp;Associa\u00e7\u00e3o dos Policiais Civis de Carreira da Para\u00edba e o Sindicato dos Peritos da Para\u00edba (Sindiperitos),&nbsp;o funcionamento das delegacias e unidades periciais que dependem do trabalho dos investigadores e dos peritos, continuam as atividades normalmente.<\/p>\n\n\n\n<p><strong>Confira a nota na \u00edntegra<\/strong><\/p>\n\n\n\n<p><em>\u201cASPOL e SINDPERITOS v\u00eam a p\u00fablico esclarecer que o funcionamento das delegacias e unidades periciais que dependem do trabalho dos investigadores e dos peritos, respectivamente, continuam as atividades normalmente.<br><\/em><\/p>\n\n\n\n<p><em>Policiais civis (investigadores) e peritos n\u00e3o est\u00e3o aderindo ao movimento que vem sendo divulgado por um grupo de entidades que participaram de um f\u00f3rum de seguran\u00e7a. Vale lembrar que entre essas entidades do f\u00f3rum existem algumas sem representatividade e que est\u00e3o aparecendo para criar conflito e confus\u00e3o para a sociedade e para o Governo, o que \u00e9 lament\u00e1vel.<\/em><\/p>\n\n\n\n<p><em>Chegou ao conhecimento da Aspol, maior entidade representativa da Pol\u00edcia Civil, que alguns delegados est\u00e3o \u201cliberando\u201d os investigadores do hor\u00e1rio normal de trabalho. Lembrem-se: faltar ao servi\u00e7o sem justificativa legal \u00e9 transgress\u00e3o disciplinar, assim como cumprir qualquer ordem manifestamente ilegal, e \u00e9 pun\u00edvel o subordinado juntamente com o seu superior.<\/em><\/p>\n\n\n\n<p><em>ASPOL e SINDPERITOS deixam claro que os membros filiados que descumprirem as delibera\u00e7\u00f5es das respectivas categorias e, porventura, venham a ser punidos, estar\u00e3o desacobertados do atendimento jur\u00eddico.<\/em><\/p>\n\n\n\n<p><em>Funcionar\u00e3o normalmente: trabalhos periciais, confec\u00e7\u00e3o de boletins de ocorr\u00eancia, cumprimento de mandados de pris\u00e3o, ordens de miss\u00e3o, relat\u00f3rios investigativos, andamentos processais e atendimento ao p\u00fablico.<\/em><\/p>\n\n\n\n<p><em>Caso o chefe imediato se recuse a dar andamento ao servi\u00e7o, o Delegado Seccional e o Superintendente dever\u00e3o ser imediatamente comunicados, podendo ainda o servidor buscar a sua entidade para reportar a situa\u00e7\u00e3o, a fim de evitar incorrer no artigo 158, inciso X da Lei Org\u00e2nica da Pol\u00edcia Civil.<\/em><\/p>\n\n\n\n<p><em>Vale lembrar que na hip\u00f3tese da dita paralisa\u00e7\u00e3o se der no curso de assembleia do aludido f\u00f3rum, somente estaria autorizado a participar o servidor filiado a entidade que esteja realizando a reuni\u00e3o, o que n\u00e3o \u00e9 o caso da ASPOL e do SINDIPERITOS.<\/em><\/p>\n\n\n\n<p><em>Prezando pelo andamento das negocia\u00e7\u00f5es e pela legalidade, desde j\u00e1, solicitamos posicionamento p\u00fablico da Delegacia Geral de Pol\u00edcia Civil.\u201d<\/em><\/p>\n","protected":false},"excerpt":{"rendered":"<p>Delegados e peritos negaram em nota divulgada nesta quarta-feira (19) a possibilidade de ades\u00e3o \u00e0 paralisa\u00e7\u00e3o da pol\u00edcia que anunciou greve de 12h para pressionar&hellip; <\/p>\n","protected":false},"author":2,"featured_media":105425,"comment_status":"closed","ping_status":"closed","sticky":false,"template":"","format":"standard","meta":{"sfsi_plus_gutenberg_text_before_share":"","sfsi_plus_gutenberg_show_text_before_share":"","sfsi_plus_gutenberg_icon_type":"","sfsi_plus_gutenberg_icon_alignemt":"","sfsi_plus_gutenburg_max_per_row":"","footnotes":""},"categories":[12],"tags":[],"class_list":["post-154278","post","type-post","status-publish","format-standard","has-post-thumbnail","hentry","category-policia"],"_links":{"self":[{"href":"https:\/\/www.caririemacao.com\/1\/wp-json\/wp\/v2\/posts\/154278","targetHints":{"allow":["GET"]}}],"collection":[{"href":"https:\/\/www.caririemacao.com\/1\/wp-json\/wp\/v2\/posts"}],"about":[{"href":"https:\/\/www.caririemacao.com\/1\/wp-json\/wp\/v2\/types\/post"}],"author":[{"embeddable":true,"href":"https:\/\/www.caririemacao.com\/1\/wp-json\/wp\/v2\/users\/2"}],"replies":[{"embeddable":true,"href":"https:\/\/www.caririemacao.com\/1\/wp-json\/wp\/v2\/comments?post=154278"}],"version-history":[{"count":1,"href":"https:\/\/www.caririemacao.com\/1\/wp-json\/wp\/v2\/posts\/154278\/revisions"}],"predecessor-version":[{"id":154280,"href":"https:\/\/www.caririemacao.com\/1\/wp-json\/wp\/v2\/posts\/154278\/revisions\/154280"}],"wp:featuredmedia":[{"embeddable":true,"href":"https:\/\/www.caririemacao.com\/1\/wp-json\/wp\/v2\/media\/105425"}],"wp:attachment":[{"href":"https:\/\/www.caririemacao.com\/1\/wp-json\/wp\/v2\/media?parent=154278"}],"wp:term":[{"taxonomy":"category","embeddable":true,"href":"https:\/\/www.caririemacao.com\/1\/wp-json\/wp\/v2\/categories?post=154278"},{"taxonomy":"post_tag","embeddable":true,"href":"https:\/\/www.caririemacao.com\/1\/wp-json\/wp\/v2\/tags?post=154278"}],"curies":[{"name":"wp","href":"https:\/\/api.w.org\/{rel}","templated":true}]}}