{"id":154281,"date":"2020-02-20T09:22:36","date_gmt":"2020-02-20T12:22:36","guid":{"rendered":"http:\/\/www.caririemacao.com\/1\/?p=154281"},"modified":"2020-02-20T09:22:37","modified_gmt":"2020-02-20T12:22:37","slug":"governo-bolsonaro-estaria-negociando-fabrica-da-tesla-no-brasil","status":"publish","type":"post","link":"https:\/\/www.caririemacao.com\/1\/2020\/02\/20\/governo-bolsonaro-estaria-negociando-fabrica-da-tesla-no-brasil\/","title":{"rendered":"Governo Bolsonaro estaria negociando f\u00e1brica da Tesla no Brasil"},"content":{"rendered":"\n<p>De acordo com informa\u00e7\u00f5es de coluna do&nbsp;<em>NSC Total<\/em>, o ministro da Ci\u00eancia, Tecnologia, Inova\u00e7\u00f5es e Comunica\u00e7\u00f5es, Marcos Pontes, estaria negociando junto com o deputado federal Daniel Freitas (PSL-SC) a instala\u00e7\u00e3o de uma f\u00e1brica da&nbsp;Tesla&nbsp;no Brasil.<\/p>\n\n\n\n<p>O ministro e o deputado n\u00e3o quiseram designar a montadora de\u00a0el\u00e9tricos\u00a0pelo nome, mas teriam esclarecido que se trata de uma das mais valiosas do mundo no mercado atual. De qualquer forma, o objetivo seria trazer uma f\u00e1brica de carros el\u00e9tricos para o pa\u00eds ao passo que o Projeto de Lei PL 4825\/2019 caminha na C\u00e2mara para beneficiar ve\u00edculos e bateria feitos no pa\u00eds com isen\u00e7\u00e3o de impostos.<\/p>\n\n\n\n<p>Ao deixar a resid\u00eancia de Alcolumbre, Doria disse que se encontrar\u00e1 ainda nesta quarta-feira com o ministro do Desenvolvimento Regional, Rog\u00e9rio Marinho, na busca por recursos a fundo perdido para constru\u00e7\u00e3o de obras preventivas contra inunda\u00e7\u00f5es decorrentes de chuvas em seu estado.<\/p>\n\n\n\n<p>\u201cDa mesma maneira que Minas Gerais fez, e o governo federal acertadamente atendeu, S\u00e3o Paulo tamb\u00e9m vai solicitar ajuda. Tenho certeza de que o governo federal olhar\u00e1 e deliberar\u00e1 positivamente recursos da ordem de R$ 350 milh\u00f5es para os piscin\u00f5es em S\u00e3o Paulo\u201d, disse o governador paulista.<\/p>\n\n\n\n<p>Segundo Doria, \u201ca Justi\u00e7a se faz olhando o Brasil como uma federa\u00e7\u00e3o, e n\u00e3o para um, sim, e para outros, n\u00e3o\u201d, disse D\u00f3ria, ao lembrar que o governo federal destinou \u201cquase R$ 1 bilh\u00e3o\u201d a Minas Gerais, a fundo perdido, para o governo iniciar as obras preventivas.<\/p>\n\n\n\n<p><\/p>\n","protected":false},"excerpt":{"rendered":"<p>De acordo com informa\u00e7\u00f5es de coluna do&nbsp;NSC Total, o ministro da Ci\u00eancia, Tecnologia, Inova\u00e7\u00f5es e Comunica\u00e7\u00f5es, Marcos Pontes, estaria negociando junto com o deputado federal&hellip; <\/p>\n","protected":false},"author":2,"featured_media":153822,"comment_status":"closed","ping_status":"closed","sticky":false,"template":"","format":"standard","meta":{"sfsi_plus_gutenberg_text_before_share":"","sfsi_plus_gutenberg_show_text_before_share":"","sfsi_plus_gutenberg_icon_type":"","sfsi_plus_gutenberg_icon_alignemt":"","sfsi_plus_gutenburg_max_per_row":"","footnotes":""},"categories":[11],"tags":[],"class_list":["post-154281","post","type-post","status-publish","format-standard","has-post-thumbnail","hentry","category-politica"],"_links":{"self":[{"href":"https:\/\/www.caririemacao.com\/1\/wp-json\/wp\/v2\/posts\/154281","targetHints":{"allow":["GET"]}}],"collection":[{"href":"https:\/\/www.caririemacao.com\/1\/wp-json\/wp\/v2\/posts"}],"about":[{"href":"https:\/\/www.caririemacao.com\/1\/wp-json\/wp\/v2\/types\/post"}],"author":[{"embeddable":true,"href":"https:\/\/www.caririemacao.com\/1\/wp-json\/wp\/v2\/users\/2"}],"replies":[{"embeddable":true,"href":"https:\/\/www.caririemacao.com\/1\/wp-json\/wp\/v2\/comments?post=154281"}],"version-history":[{"count":1,"href":"https:\/\/www.caririemacao.com\/1\/wp-json\/wp\/v2\/posts\/154281\/revisions"}],"predecessor-version":[{"id":154283,"href":"https:\/\/www.caririemacao.com\/1\/wp-json\/wp\/v2\/posts\/154281\/revisions\/154283"}],"wp:featuredmedia":[{"embeddable":true,"href":"https:\/\/www.caririemacao.com\/1\/wp-json\/wp\/v2\/media\/153822"}],"wp:attachment":[{"href":"https:\/\/www.caririemacao.com\/1\/wp-json\/wp\/v2\/media?parent=154281"}],"wp:term":[{"taxonomy":"category","embeddable":true,"href":"https:\/\/www.caririemacao.com\/1\/wp-json\/wp\/v2\/categories?post=154281"},{"taxonomy":"post_tag","embeddable":true,"href":"https:\/\/www.caririemacao.com\/1\/wp-json\/wp\/v2\/tags?post=154281"}],"curies":[{"name":"wp","href":"https:\/\/api.w.org\/{rel}","templated":true}]}}