{"id":154287,"date":"2020-02-20T10:06:40","date_gmt":"2020-02-20T13:06:40","guid":{"rendered":"http:\/\/www.caririemacao.com\/1\/?p=154287"},"modified":"2020-02-20T10:06:43","modified_gmt":"2020-02-20T13:06:43","slug":"grupo-em-quarentena-tem-exames-negativos-para-novo-coronavirus","status":"publish","type":"post","link":"https:\/\/www.caririemacao.com\/1\/2020\/02\/20\/grupo-em-quarentena-tem-exames-negativos-para-novo-coronavirus\/","title":{"rendered":"Grupo em quarentena tem exames negativos para novo coronav\u00edrus"},"content":{"rendered":"\n<p>Exames espec\u00edficos para o novo coronav\u00edrus feitos no grupo de&nbsp;<a href=\"http:\/\/agenciabrasil.ebc.com.br\/saude\/noticia\/2020-02\/brasileiros-em-quarentena-seguem-sem-sintomas-de-coronavirus\" target=\"_blank\" rel=\"noreferrer noopener\">54 pessoas em quarentena<\/a>&nbsp;na Base A\u00e9rea de An\u00e1polis (GO) deram negativo. \u201cOs resultados foram conclu\u00eddos, todos negativos todos continuam assintom\u00e1ticos. Era o que esper\u00e1vamos, era o que desej\u00e1vamos\u201d, disse em coletiva \u00e0 imprensa o secret\u00e1rio executivo do Minist\u00e9rio da Sa\u00fade, Jo\u00e3o Gabbardo, na tarde de hoje (19).<\/p>\n\n\n\n<p>Segundo o secret\u00e1rio, ainda ser\u00e1 feito um novo exame, no pr\u00f3ximo s\u00e1bado (22), para uma \u00faltima avalia\u00e7\u00e3o, antes que todos sejam liberados da quarentena de 18 dias, contados a partir da entrada na aeronave brasileira, no dia 5 de fevereiro..&nbsp;<\/p>\n\n\n\n<p>Ao todo, 34 pessoas foram resgatadas de Wuhan, cidade chinesa considerada epicentro da doen\u00e7a. Al\u00e9m deles, tamb\u00e9m est\u00e3o em quarentena 24 pessoas que participaram da repatria\u00e7\u00e3o, pilotos e outros tripulantes da aeronave usada no resgate.A libera\u00e7\u00e3o destes profissionais antes dos 18 dias da&nbsp;<a href=\"http:\/\/agenciabrasil.ebc.com.br\/saude\/noticia\/2020-02\/coronavirus-repatriados-mantem-rotina-tranquila-em-anapolis\" target=\"_blank\" rel=\"noreferrer noopener\">quarentena<\/a>&nbsp;chegou a ser cogitada, mas o Minist\u00e9rio da Sa\u00fade j\u00e1 descartou a hip\u00f3tese.<\/p>\n\n\n\n<h2 class=\"wp-block-heading\">Pacientes monitorados<\/h2>\n\n\n\n<p>O Minist\u00e9rio da Sa\u00fade tamb\u00e9m descartou entre ontem e hoje tr\u00eas suspeitas de infec\u00e7\u00e3o pela doen\u00e7a. Boletim divulgado hoje mostra que agora s\u00e3o duas&nbsp;pacientes monitoradas, uma no Rio Grande do Sul, que teve amostra coletada para exame espec\u00edfico do novo coronav\u00edrus, e uma do estado de S\u00e3o Paulo, que ainda ser\u00e1 testada para outros v\u00edrus.&nbsp;<\/p>\n\n\n\n<h2 class=\"wp-block-heading\">Repatria\u00e7\u00e3o<\/h2>\n\n\n\n<p>No dia 5 de fevereiro, duas aeronaves da For\u00e7a A\u00e9rea Brasileira foram \u00e0 China buscar brasileiros em Wuhan, epicentro da doen\u00e7a. Entre brasileiros e familiares de outras nacionalidades, 34 vieram chegaram ao Brasil no dia 9 de fevereiro. A quarentena de 18 dias \u00e9 um protocolo internacional para evitar a dissemina\u00e7\u00e3o da doen\u00e7a no Brasil. Al\u00e9m dos repatriados, 24 profissionais que fizeram parte do resgate tamb\u00e9m est\u00e3o em quarentena.<\/p>\n\n\n\n<p>No dia 30 de janeiro, a Organiza\u00e7\u00e3o Mundial da Sa\u00fade (OMS) declarou o surto de novo coronav\u00edrus como emerg\u00eancia em sa\u00fade p\u00fablica de import\u00e2ncia internacional. Mais de duas mil&nbsp;pessoas morreram na China e mais de 70 mil foram infectadas pelo novo v\u00edrus. No Brasil n\u00e3o h\u00e1 casos confirmados.<\/p>\n\n\n\n<h2 class=\"wp-block-heading\">Hist\u00f3rico do coronav\u00edrus<\/h2>\n\n\n\n<p>Os coronav\u00edrus s\u00e3o conhecidos desde meados dos anos 1960 e j\u00e1 estiveram associados a outros epis\u00f3dios de alerta internacional nos \u00faltimos anos. Em 2002, uma variante gerou um surto de s\u00edndrome respirat\u00f3ria aguda grave (Sars) que tamb\u00e9m teve in\u00edcio na China e atingiu mais de 8 mil pessoas. Em 2012, um novo coronav\u00edrus causou uma s\u00edndrome respirat\u00f3ria no Oriente M\u00e9dio que foi chamada de Mers.<\/p>\n\n\n\n<p>A atual transmiss\u00e3o, com o v\u00edrus batizado agora de Covid-19, foi identificada em 7 de janeiro. O escrit\u00f3rio da OMS na China buscava respostas para casos de uma pneumonia de etiologia at\u00e9 ent\u00e3o desconhecida que afetava moradores na cidade de Wuhan.&nbsp;<\/p>\n","protected":false},"excerpt":{"rendered":"<p>Exames espec\u00edficos para o novo coronav\u00edrus feitos no grupo de&nbsp;54 pessoas em quarentena&nbsp;na Base A\u00e9rea de An\u00e1polis (GO) deram negativo. \u201cOs resultados foram conclu\u00eddos, todos&hellip; <\/p>\n","protected":false},"author":2,"featured_media":154288,"comment_status":"closed","ping_status":"closed","sticky":false,"template":"","format":"standard","meta":{"sfsi_plus_gutenberg_text_before_share":"","sfsi_plus_gutenberg_show_text_before_share":"","sfsi_plus_gutenberg_icon_type":"","sfsi_plus_gutenberg_icon_alignemt":"","sfsi_plus_gutenburg_max_per_row":"","footnotes":""},"categories":[2],"tags":[],"class_list":["post-154287","post","type-post","status-publish","format-standard","has-post-thumbnail","hentry","category-geral"],"_links":{"self":[{"href":"https:\/\/www.caririemacao.com\/1\/wp-json\/wp\/v2\/posts\/154287","targetHints":{"allow":["GET"]}}],"collection":[{"href":"https:\/\/www.caririemacao.com\/1\/wp-json\/wp\/v2\/posts"}],"about":[{"href":"https:\/\/www.caririemacao.com\/1\/wp-json\/wp\/v2\/types\/post"}],"author":[{"embeddable":true,"href":"https:\/\/www.caririemacao.com\/1\/wp-json\/wp\/v2\/users\/2"}],"replies":[{"embeddable":true,"href":"https:\/\/www.caririemacao.com\/1\/wp-json\/wp\/v2\/comments?post=154287"}],"version-history":[{"count":1,"href":"https:\/\/www.caririemacao.com\/1\/wp-json\/wp\/v2\/posts\/154287\/revisions"}],"predecessor-version":[{"id":154289,"href":"https:\/\/www.caririemacao.com\/1\/wp-json\/wp\/v2\/posts\/154287\/revisions\/154289"}],"wp:featuredmedia":[{"embeddable":true,"href":"https:\/\/www.caririemacao.com\/1\/wp-json\/wp\/v2\/media\/154288"}],"wp:attachment":[{"href":"https:\/\/www.caririemacao.com\/1\/wp-json\/wp\/v2\/media?parent=154287"}],"wp:term":[{"taxonomy":"category","embeddable":true,"href":"https:\/\/www.caririemacao.com\/1\/wp-json\/wp\/v2\/categories?post=154287"},{"taxonomy":"post_tag","embeddable":true,"href":"https:\/\/www.caririemacao.com\/1\/wp-json\/wp\/v2\/tags?post=154287"}],"curies":[{"name":"wp","href":"https:\/\/api.w.org\/{rel}","templated":true}]}}