{"id":154293,"date":"2020-02-20T10:09:13","date_gmt":"2020-02-20T13:09:13","guid":{"rendered":"http:\/\/www.caririemacao.com\/1\/?p=154293"},"modified":"2020-02-20T10:09:15","modified_gmt":"2020-02-20T13:09:15","slug":"integra-brasil-visa-enfrentamento-a-violacoes-de-direitos-humanos","status":"publish","type":"post","link":"https:\/\/www.caririemacao.com\/1\/2020\/02\/20\/integra-brasil-visa-enfrentamento-a-violacoes-de-direitos-humanos\/","title":{"rendered":"Integra Brasil visa enfrentamento a viola\u00e7\u00f5es de direitos humanos"},"content":{"rendered":"\n<p>O governo federal lan\u00e7ou neste domingo (16) o projeto Integra Brasil. \u00c9 uma parceria entre a Confedera\u00e7\u00e3o Brasileira de Futebol e os minist\u00e9rios dos Direitos Humanos e da Cidadania.<\/p>\n\n\n\n<h3 class=\"wp-block-heading\">Leia mais<\/h3>\n\n\n\n<p><a href=\"http:\/\/agenciabrasil.ebc.com.br\/direitos-humanos\/noticia\/2020-02\/governo-lanca-projeto-para-promover-direitos-humanos-no-esporte\">Governo lan\u00e7a projeto para promover direitos humanos no esporte<\/a><\/p>\n\n\n\n<p><br>Com o lema \u201cO Futebol nos Une\u201d, o Integra Brasil deve promover eventos tem\u00e1ticos em regi\u00f5es de vulnerabilidade social. A partir de mar\u00e7o, cada m\u00eas ter\u00e1 uma campanha espec\u00edfica e contar\u00e1 com a\u00e7\u00f5es em pelo menos dois jogos da Copa do Brasil ou do Campeonato Brasileiro.<\/p>\n\n\n\n<p><br>O objetivo \u00e9 usar o futebol para enfrentar viola\u00e7\u00f5es de direitos humanos e ampliar o acesso \u00e0 pr\u00e1tica esportiva no pa\u00eds e prevenir o uso de \u00e1lcool e outras drogas nos diversos espa\u00e7os e ambientes de competi\u00e7\u00f5es.<\/p>\n\n\n\n<p><br>Ser\u00e3o tratados temas como paz no futebol, combate \u00e0s drogas, racismo, inclus\u00e3o de pessoas com defici\u00eancia, direitos da crian\u00e7a e do adolescente, esporte como instrumento de inclus\u00e3o social, combate \u00e0 discrimina\u00e7\u00e3o da mulher, entre outros.<\/p>\n","protected":false},"excerpt":{"rendered":"<p>O governo federal lan\u00e7ou neste domingo (16) o projeto Integra Brasil. \u00c9 uma parceria entre a Confedera\u00e7\u00e3o Brasileira de Futebol e os minist\u00e9rios dos Direitos&hellip; <\/p>\n","protected":false},"author":2,"featured_media":110673,"comment_status":"closed","ping_status":"closed","sticky":false,"template":"","format":"standard","meta":{"sfsi_plus_gutenberg_text_before_share":"","sfsi_plus_gutenberg_show_text_before_share":"","sfsi_plus_gutenberg_icon_type":"","sfsi_plus_gutenberg_icon_alignemt":"","sfsi_plus_gutenburg_max_per_row":"","footnotes":""},"categories":[2],"tags":[],"class_list":["post-154293","post","type-post","status-publish","format-standard","has-post-thumbnail","hentry","category-geral"],"_links":{"self":[{"href":"https:\/\/www.caririemacao.com\/1\/wp-json\/wp\/v2\/posts\/154293","targetHints":{"allow":["GET"]}}],"collection":[{"href":"https:\/\/www.caririemacao.com\/1\/wp-json\/wp\/v2\/posts"}],"about":[{"href":"https:\/\/www.caririemacao.com\/1\/wp-json\/wp\/v2\/types\/post"}],"author":[{"embeddable":true,"href":"https:\/\/www.caririemacao.com\/1\/wp-json\/wp\/v2\/users\/2"}],"replies":[{"embeddable":true,"href":"https:\/\/www.caririemacao.com\/1\/wp-json\/wp\/v2\/comments?post=154293"}],"version-history":[{"count":1,"href":"https:\/\/www.caririemacao.com\/1\/wp-json\/wp\/v2\/posts\/154293\/revisions"}],"predecessor-version":[{"id":154294,"href":"https:\/\/www.caririemacao.com\/1\/wp-json\/wp\/v2\/posts\/154293\/revisions\/154294"}],"wp:featuredmedia":[{"embeddable":true,"href":"https:\/\/www.caririemacao.com\/1\/wp-json\/wp\/v2\/media\/110673"}],"wp:attachment":[{"href":"https:\/\/www.caririemacao.com\/1\/wp-json\/wp\/v2\/media?parent=154293"}],"wp:term":[{"taxonomy":"category","embeddable":true,"href":"https:\/\/www.caririemacao.com\/1\/wp-json\/wp\/v2\/categories?post=154293"},{"taxonomy":"post_tag","embeddable":true,"href":"https:\/\/www.caririemacao.com\/1\/wp-json\/wp\/v2\/tags?post=154293"}],"curies":[{"name":"wp","href":"https:\/\/api.w.org\/{rel}","templated":true}]}}