{"id":154296,"date":"2020-02-20T10:11:27","date_gmt":"2020-02-20T13:11:27","guid":{"rendered":"http:\/\/www.caririemacao.com\/1\/?p=154296"},"modified":"2020-02-20T10:11:29","modified_gmt":"2020-02-20T13:11:29","slug":"mulher-e-assassinada-a-facadas-e-filho-de-um-ano-e-encontrado-ao-lado-do-corpo-em-cidade-da-pb","status":"publish","type":"post","link":"https:\/\/www.caririemacao.com\/1\/2020\/02\/20\/mulher-e-assassinada-a-facadas-e-filho-de-um-ano-e-encontrado-ao-lado-do-corpo-em-cidade-da-pb\/","title":{"rendered":"Mulher \u00e9 assassinada a facadas e filho de um ano \u00e9 encontrado ao lado do corpo em cidade da PB"},"content":{"rendered":"\n<p>Uma mulher foi assassinada a facadas, nesta quarta-feira (19), no bairro Liberdade, em Patos, na Para\u00edba.&nbsp;Luana Mariano Xavier, de anos 19 anos, foi encontrada no&nbsp;ch\u00e3o em uma&nbsp;casa&nbsp;localizada nos fundos de um bar denominado de Bar do Toinho.<\/p>\n\n\n\n<p>O filho dela de um ano estava ao lado do corpo no momento em que os vizinhos chegaram. A crian\u00e7a&nbsp;estava com manchas de sangue pelo corpo, mas n\u00e3o havia ferimento. O sangue era da pr\u00f3pria m\u00e3e.<\/p>\n\n\n\n<p>A m\u00e3e da v\u00edtima informou que ela estava gr\u00e1vida. O principal suspeito \u00e9 o marido dela. A Pol\u00edcia Militar foi acionada e isolou a \u00e1rea. O Samu tamb\u00e9m foi acionado e a vitima j\u00e1 apresentava rigidez cadav\u00e9rica.<\/p>\n\n\n\n<p><em>Click PB<\/em><\/p>\n","protected":false},"excerpt":{"rendered":"<p>Uma mulher foi assassinada a facadas, nesta quarta-feira (19), no bairro Liberdade, em Patos, na Para\u00edba.&nbsp;Luana Mariano Xavier, de anos 19 anos, foi encontrada no&nbsp;ch\u00e3o&hellip; <\/p>\n","protected":false},"author":2,"featured_media":154297,"comment_status":"closed","ping_status":"closed","sticky":false,"template":"","format":"standard","meta":{"sfsi_plus_gutenberg_text_before_share":"","sfsi_plus_gutenberg_show_text_before_share":"","sfsi_plus_gutenberg_icon_type":"","sfsi_plus_gutenberg_icon_alignemt":"","sfsi_plus_gutenburg_max_per_row":"","footnotes":""},"categories":[12],"tags":[],"class_list":["post-154296","post","type-post","status-publish","format-standard","has-post-thumbnail","hentry","category-policia"],"_links":{"self":[{"href":"https:\/\/www.caririemacao.com\/1\/wp-json\/wp\/v2\/posts\/154296","targetHints":{"allow":["GET"]}}],"collection":[{"href":"https:\/\/www.caririemacao.com\/1\/wp-json\/wp\/v2\/posts"}],"about":[{"href":"https:\/\/www.caririemacao.com\/1\/wp-json\/wp\/v2\/types\/post"}],"author":[{"embeddable":true,"href":"https:\/\/www.caririemacao.com\/1\/wp-json\/wp\/v2\/users\/2"}],"replies":[{"embeddable":true,"href":"https:\/\/www.caririemacao.com\/1\/wp-json\/wp\/v2\/comments?post=154296"}],"version-history":[{"count":1,"href":"https:\/\/www.caririemacao.com\/1\/wp-json\/wp\/v2\/posts\/154296\/revisions"}],"predecessor-version":[{"id":154298,"href":"https:\/\/www.caririemacao.com\/1\/wp-json\/wp\/v2\/posts\/154296\/revisions\/154298"}],"wp:featuredmedia":[{"embeddable":true,"href":"https:\/\/www.caririemacao.com\/1\/wp-json\/wp\/v2\/media\/154297"}],"wp:attachment":[{"href":"https:\/\/www.caririemacao.com\/1\/wp-json\/wp\/v2\/media?parent=154296"}],"wp:term":[{"taxonomy":"category","embeddable":true,"href":"https:\/\/www.caririemacao.com\/1\/wp-json\/wp\/v2\/categories?post=154296"},{"taxonomy":"post_tag","embeddable":true,"href":"https:\/\/www.caririemacao.com\/1\/wp-json\/wp\/v2\/tags?post=154296"}],"curies":[{"name":"wp","href":"https:\/\/api.w.org\/{rel}","templated":true}]}}