{"id":154306,"date":"2020-02-20T11:17:30","date_gmt":"2020-02-20T14:17:30","guid":{"rendered":"http:\/\/www.caririemacao.com\/1\/?p=154306"},"modified":"2020-02-20T11:17:32","modified_gmt":"2020-02-20T14:17:32","slug":"irmao-do-senador-cid-gomes-diz-que-manifestantes-atiraram-pra-matar","status":"publish","type":"post","link":"https:\/\/www.caririemacao.com\/1\/2020\/02\/20\/irmao-do-senador-cid-gomes-diz-que-manifestantes-atiraram-pra-matar\/","title":{"rendered":"Irm\u00e3o do Senador Cid Gomes diz que manifestantes atiraram pra matar"},"content":{"rendered":"\n<p>O irm\u00e3o de Cid Gomes, disse na manh\u00e3 desta quinta-feira (20), que a m\u00e9dica Lia Gomes afirmou que os tiros que vieram do meio dos manifestantes foram para matar o Senador Cid Gomes. Ela revela que por pouco a bala n\u00e3o atingiu uma regi\u00e3o vital do corpo. <\/p>\n\n\n\n<p>&#8220;Muita revolta porque eles atiraram para matar, foi um tiro direcionado no cora\u00e7\u00e3o que atingiu uma costela e foi essa costela que desviou a bala. Se ela tivesse entrado entre uma costela e outra a gente n\u00e3o estaria aqui agora contando essa historia&#8221;, declarou. <\/p>\n\n\n\n<p>Ela garante que vai acompanhar de perto as investiga\u00e7\u00f5es do caso para que os respons\u00e1veis sejam identificados e punidos o mais r\u00e9pido possivel. Para Lia, o senador resolveu intervir no ato dos PMs em Sobral nesta quarta (19) por se sentir desaflado e ter tido a sensao\u00e9o de reviver a crise na seguranca que enfrentou em 2012, quando era governador do Estado. &#8220;Eu acho que ele reviveu tudo aquilo que aconteceu com ele em 2012, quando eles flzeram esse mesmo tipo de motim&#8221;, disse. (Foto: <\/p>\n","protected":false},"excerpt":{"rendered":"<p>O irm\u00e3o de Cid Gomes, disse na manh\u00e3 desta quinta-feira (20), que a m\u00e9dica Lia Gomes afirmou que os tiros que vieram do meio dos&hellip; <\/p>\n","protected":false},"author":1,"featured_media":154307,"comment_status":"closed","ping_status":"closed","sticky":false,"template":"","format":"standard","meta":{"sfsi_plus_gutenberg_text_before_share":"","sfsi_plus_gutenberg_show_text_before_share":"","sfsi_plus_gutenberg_icon_type":"","sfsi_plus_gutenberg_icon_alignemt":"","sfsi_plus_gutenburg_max_per_row":"","footnotes":""},"categories":[50,11],"tags":[],"class_list":["post-154306","post","type-post","status-publish","format-standard","has-post-thumbnail","hentry","category-destaque","category-politica"],"_links":{"self":[{"href":"https:\/\/www.caririemacao.com\/1\/wp-json\/wp\/v2\/posts\/154306","targetHints":{"allow":["GET"]}}],"collection":[{"href":"https:\/\/www.caririemacao.com\/1\/wp-json\/wp\/v2\/posts"}],"about":[{"href":"https:\/\/www.caririemacao.com\/1\/wp-json\/wp\/v2\/types\/post"}],"author":[{"embeddable":true,"href":"https:\/\/www.caririemacao.com\/1\/wp-json\/wp\/v2\/users\/1"}],"replies":[{"embeddable":true,"href":"https:\/\/www.caririemacao.com\/1\/wp-json\/wp\/v2\/comments?post=154306"}],"version-history":[{"count":1,"href":"https:\/\/www.caririemacao.com\/1\/wp-json\/wp\/v2\/posts\/154306\/revisions"}],"predecessor-version":[{"id":154308,"href":"https:\/\/www.caririemacao.com\/1\/wp-json\/wp\/v2\/posts\/154306\/revisions\/154308"}],"wp:featuredmedia":[{"embeddable":true,"href":"https:\/\/www.caririemacao.com\/1\/wp-json\/wp\/v2\/media\/154307"}],"wp:attachment":[{"href":"https:\/\/www.caririemacao.com\/1\/wp-json\/wp\/v2\/media?parent=154306"}],"wp:term":[{"taxonomy":"category","embeddable":true,"href":"https:\/\/www.caririemacao.com\/1\/wp-json\/wp\/v2\/categories?post=154306"},{"taxonomy":"post_tag","embeddable":true,"href":"https:\/\/www.caririemacao.com\/1\/wp-json\/wp\/v2\/tags?post=154306"}],"curies":[{"name":"wp","href":"https:\/\/api.w.org\/{rel}","templated":true}]}}