{"id":154309,"date":"2020-02-20T11:37:46","date_gmt":"2020-02-20T14:37:46","guid":{"rendered":"http:\/\/www.caririemacao.com\/1\/?p=154309"},"modified":"2020-02-20T11:38:29","modified_gmt":"2020-02-20T14:38:29","slug":"monteiro-baile-de-carnaval-do-servico-de-convivencia-acontecera-nesta-quinta","status":"publish","type":"post","link":"https:\/\/www.caririemacao.com\/1\/2020\/02\/20\/monteiro-baile-de-carnaval-do-servico-de-convivencia-acontecera-nesta-quinta\/","title":{"rendered":"Monteiro: Baile de Carnaval do Servi\u00e7o de Conviv\u00eancia acontecer\u00e1 nesta quinta"},"content":{"rendered":"\n<p>A Prefeitura de Monteiro divulgou em sua rede social, o convite para a popula\u00e7\u00e3o se fazer presente nesta quinta-feira 20, na pra\u00e7a Jo\u00e3o Pessoa, a partir das 20:00h na cidade de Monteiro-PB. <\/p>\n\n\n\n<p>O convite \u00e9 para todos se fazerem presentes no baile de Carnaval do Servi\u00e7o de Conviv\u00eancia, onde ter\u00e1 como homenageada, dona Eunice Martins. E de acordo com a prefeitura, folia e anima\u00e7\u00e3o estar\u00e3o garantidas nessa grande noite de muita festa. <\/p>\n","protected":false},"excerpt":{"rendered":"<p>A Prefeitura de Monteiro divulgou em sua rede social, o convite para a popula\u00e7\u00e3o se fazer presente nesta quinta-feira 20, na pra\u00e7a Jo\u00e3o Pessoa, a&hellip; <\/p>\n","protected":false},"author":1,"featured_media":154312,"comment_status":"closed","ping_status":"closed","sticky":false,"template":"","format":"standard","meta":{"sfsi_plus_gutenberg_text_before_share":"","sfsi_plus_gutenberg_show_text_before_share":"","sfsi_plus_gutenberg_icon_type":"","sfsi_plus_gutenberg_icon_alignemt":"","sfsi_plus_gutenburg_max_per_row":"","footnotes":""},"categories":[6,50],"tags":[],"class_list":["post-154309","post","type-post","status-publish","format-standard","has-post-thumbnail","hentry","category-cidades","category-destaque"],"_links":{"self":[{"href":"https:\/\/www.caririemacao.com\/1\/wp-json\/wp\/v2\/posts\/154309","targetHints":{"allow":["GET"]}}],"collection":[{"href":"https:\/\/www.caririemacao.com\/1\/wp-json\/wp\/v2\/posts"}],"about":[{"href":"https:\/\/www.caririemacao.com\/1\/wp-json\/wp\/v2\/types\/post"}],"author":[{"embeddable":true,"href":"https:\/\/www.caririemacao.com\/1\/wp-json\/wp\/v2\/users\/1"}],"replies":[{"embeddable":true,"href":"https:\/\/www.caririemacao.com\/1\/wp-json\/wp\/v2\/comments?post=154309"}],"version-history":[{"count":1,"href":"https:\/\/www.caririemacao.com\/1\/wp-json\/wp\/v2\/posts\/154309\/revisions"}],"predecessor-version":[{"id":154311,"href":"https:\/\/www.caririemacao.com\/1\/wp-json\/wp\/v2\/posts\/154309\/revisions\/154311"}],"wp:featuredmedia":[{"embeddable":true,"href":"https:\/\/www.caririemacao.com\/1\/wp-json\/wp\/v2\/media\/154312"}],"wp:attachment":[{"href":"https:\/\/www.caririemacao.com\/1\/wp-json\/wp\/v2\/media?parent=154309"}],"wp:term":[{"taxonomy":"category","embeddable":true,"href":"https:\/\/www.caririemacao.com\/1\/wp-json\/wp\/v2\/categories?post=154309"},{"taxonomy":"post_tag","embeddable":true,"href":"https:\/\/www.caririemacao.com\/1\/wp-json\/wp\/v2\/tags?post=154309"}],"curies":[{"name":"wp","href":"https:\/\/api.w.org\/{rel}","templated":true}]}}