{"id":154319,"date":"2020-02-20T13:07:34","date_gmt":"2020-02-20T16:07:34","guid":{"rendered":"http:\/\/www.caririemacao.com\/1\/?p=154319"},"modified":"2020-02-20T13:07:35","modified_gmt":"2020-02-20T16:07:35","slug":"amparo-programa-saude-intinerante-atendeu-a-comunidade-de-lagoa-do-meio-nesta-quinta","status":"publish","type":"post","link":"https:\/\/www.caririemacao.com\/1\/2020\/02\/20\/amparo-programa-saude-intinerante-atendeu-a-comunidade-de-lagoa-do-meio-nesta-quinta\/","title":{"rendered":"Amparo: Programa Sa\u00fade Intinerante atendeu \u00e0 comunidade de Lagoa do Meio, nesta quinta"},"content":{"rendered":"\n<p>A Prefeitura Municipal de Amparo, por meio da Secretaria de Sa\u00fade, informou que o Programa Sa\u00fade Intinerante esteve nesta quinta-feira 20, atendendo na comunidade de Lagoa do Meio, zona rural do Munic\u00edpio.<\/p>\n\n\n\n<figure class=\"wp-block-image size-large\"><img fetchpriority=\"high\" decoding=\"async\" width=\"768\" height=\"1024\" src=\"http:\/\/www.caririemacao.com\/1\/wp-content\/uploads\/2020\/02\/IMG-20200220-WA0083-768x1024.jpg\" alt=\"\" class=\"wp-image-154323\" srcset=\"https:\/\/www.caririemacao.com\/1\/wp-content\/uploads\/2020\/02\/IMG-20200220-WA0083-768x1024.jpg 768w, https:\/\/www.caririemacao.com\/1\/wp-content\/uploads\/2020\/02\/IMG-20200220-WA0083-225x300.jpg 225w, https:\/\/www.caririemacao.com\/1\/wp-content\/uploads\/2020\/02\/IMG-20200220-WA0083.jpg 960w\" sizes=\"(max-width: 768px) 100vw, 768px\" \/><\/figure>\n\n\n\n<p>O objetivo maior do pograma \u00e9 levar os servi\u00e7os de sa\u00fade, \u00e0 todas as comunidades afastados da cidade de Amparo.<\/p>\n\n\n\n<figure class=\"wp-block-image size-large\"><img decoding=\"async\" width=\"768\" height=\"1024\" data-src=\"http:\/\/www.caririemacao.com\/1\/wp-content\/uploads\/2020\/02\/IMG-20200220-WA0075-768x1024.jpg\" alt=\"\" class=\"wp-image-154321 lazyload\" data-srcset=\"https:\/\/www.caririemacao.com\/1\/wp-content\/uploads\/2020\/02\/IMG-20200220-WA0075-768x1024.jpg 768w, https:\/\/www.caririemacao.com\/1\/wp-content\/uploads\/2020\/02\/IMG-20200220-WA0075-225x300.jpg 225w, https:\/\/www.caririemacao.com\/1\/wp-content\/uploads\/2020\/02\/IMG-20200220-WA0075.jpg 960w\" data-sizes=\"(max-width: 768px) 100vw, 768px\" src=\"data:image\/svg+xml;base64,PHN2ZyB3aWR0aD0iMSIgaGVpZ2h0PSIxIiB4bWxucz0iaHR0cDovL3d3dy53My5vcmcvMjAwMC9zdmciPjwvc3ZnPg==\" style=\"--smush-placeholder-width: 768px; --smush-placeholder-aspect-ratio: 768\/1024;\" \/><\/figure>\n\n\n\n<p>De acordo com a secret\u00e1ria Ver\u00f4nica, o programa atendeu \u00e0 comunidade de Lagoa do Meio, e ir\u00e1 atender as demais comunidades da regi\u00e3o, oferecendo todos os servi\u00e7os cl\u00ednicos de sa\u00fade, para todos os amparenses, que vivem em comunidades rurais.<\/p>\n\n\n\n<figure class=\"wp-block-image size-large\"><img decoding=\"async\" width=\"1024\" height=\"768\" data-src=\"http:\/\/www.caririemacao.com\/1\/wp-content\/uploads\/2020\/02\/IMG-20200220-WA0078-1024x768.jpg\" alt=\"\" class=\"wp-image-154322 lazyload\" data-srcset=\"https:\/\/www.caririemacao.com\/1\/wp-content\/uploads\/2020\/02\/IMG-20200220-WA0078-1024x768.jpg 1024w, https:\/\/www.caririemacao.com\/1\/wp-content\/uploads\/2020\/02\/IMG-20200220-WA0078-300x225.jpg 300w, https:\/\/www.caririemacao.com\/1\/wp-content\/uploads\/2020\/02\/IMG-20200220-WA0078-768x576.jpg 768w, https:\/\/www.caririemacao.com\/1\/wp-content\/uploads\/2020\/02\/IMG-20200220-WA0078.jpg 1280w\" data-sizes=\"(max-width: 1024px) 100vw, 1024px\" src=\"data:image\/svg+xml;base64,PHN2ZyB3aWR0aD0iMSIgaGVpZ2h0PSIxIiB4bWxucz0iaHR0cDovL3d3dy53My5vcmcvMjAwMC9zdmciPjwvc3ZnPg==\" style=\"--smush-placeholder-width: 1024px; --smush-placeholder-aspect-ratio: 1024\/768;\" \/><\/figure>\n","protected":false},"excerpt":{"rendered":"<p>A Prefeitura Municipal de Amparo, por meio da Secretaria de Sa\u00fade, informou que o Programa Sa\u00fade Intinerante esteve nesta quinta-feira 20, atendendo na comunidade de&hellip; <\/p>\n","protected":false},"author":1,"featured_media":154320,"comment_status":"closed","ping_status":"closed","sticky":false,"template":"","format":"standard","meta":{"sfsi_plus_gutenberg_text_before_share":"","sfsi_plus_gutenberg_show_text_before_share":"","sfsi_plus_gutenberg_icon_type":"","sfsi_plus_gutenberg_icon_alignemt":"","sfsi_plus_gutenburg_max_per_row":"","footnotes":""},"categories":[6,50,16],"tags":[],"class_list":["post-154319","post","type-post","status-publish","format-standard","has-post-thumbnail","hentry","category-cidades","category-destaque","category-saude"],"_links":{"self":[{"href":"https:\/\/www.caririemacao.com\/1\/wp-json\/wp\/v2\/posts\/154319","targetHints":{"allow":["GET"]}}],"collection":[{"href":"https:\/\/www.caririemacao.com\/1\/wp-json\/wp\/v2\/posts"}],"about":[{"href":"https:\/\/www.caririemacao.com\/1\/wp-json\/wp\/v2\/types\/post"}],"author":[{"embeddable":true,"href":"https:\/\/www.caririemacao.com\/1\/wp-json\/wp\/v2\/users\/1"}],"replies":[{"embeddable":true,"href":"https:\/\/www.caririemacao.com\/1\/wp-json\/wp\/v2\/comments?post=154319"}],"version-history":[{"count":1,"href":"https:\/\/www.caririemacao.com\/1\/wp-json\/wp\/v2\/posts\/154319\/revisions"}],"predecessor-version":[{"id":154324,"href":"https:\/\/www.caririemacao.com\/1\/wp-json\/wp\/v2\/posts\/154319\/revisions\/154324"}],"wp:featuredmedia":[{"embeddable":true,"href":"https:\/\/www.caririemacao.com\/1\/wp-json\/wp\/v2\/media\/154320"}],"wp:attachment":[{"href":"https:\/\/www.caririemacao.com\/1\/wp-json\/wp\/v2\/media?parent=154319"}],"wp:term":[{"taxonomy":"category","embeddable":true,"href":"https:\/\/www.caririemacao.com\/1\/wp-json\/wp\/v2\/categories?post=154319"},{"taxonomy":"post_tag","embeddable":true,"href":"https:\/\/www.caririemacao.com\/1\/wp-json\/wp\/v2\/tags?post=154319"}],"curies":[{"name":"wp","href":"https:\/\/api.w.org\/{rel}","templated":true}]}}